{"id":1105,"date":"2012-10-01T09:40:46","date_gmt":"2012-10-01T07:40:46","guid":{"rendered":"http:\/\/www.kuchniokracja.hanami.pl\/?p=1105"},"modified":"2013-05-30T14:05:13","modified_gmt":"2013-05-30T12:05:13","slug":"nadziewane-krazki-cukinii","status":"publish","type":"post","link":"https:\/\/kuchniokracja.hanami.pl\/index.php\/nadziewane-krazki-cukinii\/","title":{"rendered":"Nadziewane kr\u0105\u017cki cukinii"},"content":{"rendered":"<div itemscope itemtype=\"http:\/\/schema.org\/Recipe\" style=\"text-align: justify;\">\n<p style=\"text-align: justify;\">Robi si\u0119 coraz bardziej jesiennie. Prognoza pogody straszy deszczem, co nie sprzyja jedzeniu na zewn\u0105trz. Na jeden z ostatnich obiad\u00f3w na \u015bwie\u017cym powietrzu przygotowa\u0142am lekkie kr\u0105\u017cki z <strong>cukinii<\/strong> nadziewane warzywami oraz boczkiem. To prosty i szybki przepis na zdrowy, lekki posi\u0142ek.<\/p>\n<h2 style=\"font-size: 16px; text-align: justify;\"><strong> <span itemprop=\"name\">Nadziewane kr\u0105\u017cki cukinii<\/span> &#8211; przepis:<\/strong><\/h2>\n<p><strong><span itemprop=\"ingredients\">cukinia<\/span><\/strong><br \/>\n<strong><span itemprop=\"ingredients\"> kilka r\u00f3\u017cyczek kalafiora<\/span><\/strong><br \/>\n<strong><span itemprop=\"ingredients\">kilka r\u00f3\u017cyczek broku\u0142owych<\/span><\/strong><br \/>\n<strong><span itemprop=\"ingredients\"> kilka plasterk\u00f3w boczku w\u0119dzonego<\/span><\/strong><br \/>\n<strong><span itemprop=\"ingredients\"> cebula<\/span><\/strong><br \/>\n<strong><span itemprop=\"ingredients\"> natka pietruszki<\/span><\/strong><br \/>\n<strong><span itemprop=\"ingredients\"> s\u00f3l, pieprz, tymianek<\/span><\/strong><\/p>\n<p itemprop=\"recipeInstructions\" style=\"text-align: justify;\">R\u00f3\u017cyczki kalafiorowe i broku\u0142owe obgotowujemy przez 5 minut w gor\u0105cej wodzie po czym rozdzielamy na mniejsze kawa\u0142ki. Cebul\u0119 i boczek kroimy w kostk\u0119. Natk\u0119 siekamy, a cukini\u0119 kroimy w kr\u0105\u017cki o grubo\u015bci oko\u0142o 2 cm po czym wydr\u0105\u017camy z nich \u015brodek. Kalafiora, broku\u0142y, cebul\u0119, boczek oraz natk\u0119 wrzucamy do miseczki, dodajemy przyprawy i dok\u0142adnie mieszamy. Kr\u0105\u017cki cukinii uk\u0142adamy na kawa\u0142kach papieru do pieczenia, do \u015brodka wk\u0142adamy nadzienie a na koniec szczelnie zawijamy w papier do pieczenia. Ca\u0142o\u015b\u0107 pieczemy przez 30 minut w piekarniku rozgrzanym do 170 stopni. Podajemy ciep\u0142e.<\/p>\n<p><a href=\"https:\/\/kuchniokracja.hanami.pl\/wp-content\/uploads\/2012\/10\/krazki_cukinia.jpg\"><img loading=\"lazy\" decoding=\"async\" class=\"aligncenter size-full wp-image-1106\" itemprop=\"image\" title=\"Nadziewane kr\u0105\u017cki cukinii, Fot. Hanami\u00ae\" alt=\"Nadziewane kr\u0105\u017cki cukinii\" src=\"https:\/\/kuchniokracja.hanami.pl\/wp-content\/uploads\/2012\/10\/krazki_cukinia.jpg\" width=\"550\" height=\"409\" srcset=\"https:\/\/kuchniokracja.hanami.pl\/wp-content\/uploads\/2012\/10\/krazki_cukinia.jpg 550w, https:\/\/kuchniokracja.hanami.pl\/wp-content\/uploads\/2012\/10\/krazki_cukinia-300x223.jpg 300w\" sizes=\"auto, (max-width: 550px) 100vw, 550px\" \/><\/a><\/p>\n<\/div>\n","protected":false},"excerpt":{"rendered":"<p>Robi si\u0119 coraz bardziej jesiennie. Prognoza pogody straszy deszczem, co nie sprzyja jedzeniu na zewn\u0105trz. Na jeden z ostatnich obiad\u00f3w na \u015bwie\u017cym powietrzu przygotowa\u0142am lekkie kr\u0105\u017cki z cukinii nadziewane warzywami oraz boczkiem. To prosty i szybki przepis na zdrowy, lekki posi\u0142ek. Nadziewane kr\u0105\u017cki cukinii &#8211; przepis: cukinia kilka r\u00f3\u017cyczek kalafiora kilka r\u00f3\u017cyczek broku\u0142owych kilka plasterk\u00f3w&#8230;<\/p>\n","protected":false},"author":2,"featured_media":0,"comment_status":"open","ping_status":"closed","sticky":false,"template":"","format":"standard","meta":{"footnotes":""},"categories":[64],"tags":[229,304,231,376,375,69,12],"class_list":["post-1105","post","type-post","status-publish","format-standard","hentry","category-kuchnia-fusion","tag-boczek","tag-brokuly","tag-cukinia","tag-kalafior","tag-krazki-z-cukinii","tag-kuchnia-fusion-2","tag-przepisy-2"],"_links":{"self":[{"href":"https:\/\/kuchniokracja.hanami.pl\/index.php\/wp-json\/wp\/v2\/posts\/1105","targetHints":{"allow":["GET"]}}],"collection":[{"href":"https:\/\/kuchniokracja.hanami.pl\/index.php\/wp-json\/wp\/v2\/posts"}],"about":[{"href":"https:\/\/kuchniokracja.hanami.pl\/index.php\/wp-json\/wp\/v2\/types\/post"}],"author":[{"embeddable":true,"href":"https:\/\/kuchniokracja.hanami.pl\/index.php\/wp-json\/wp\/v2\/users\/2"}],"replies":[{"embeddable":true,"href":"https:\/\/kuchniokracja.hanami.pl\/index.php\/wp-json\/wp\/v2\/comments?post=1105"}],"version-history":[{"count":5,"href":"https:\/\/kuchniokracja.hanami.pl\/index.php\/wp-json\/wp\/v2\/posts\/1105\/revisions"}],"predecessor-version":[{"id":1109,"href":"https:\/\/kuchniokracja.hanami.pl\/index.php\/wp-json\/wp\/v2\/posts\/1105\/revisions\/1109"}],"wp:attachment":[{"href":"https:\/\/kuchniokracja.hanami.pl\/index.php\/wp-json\/wp\/v2\/media?parent=1105"}],"wp:term":[{"taxonomy":"category","embeddable":true,"href":"https:\/\/kuchniokracja.hanami.pl\/index.php\/wp-json\/wp\/v2\/categories?post=1105"},{"taxonomy":"post_tag","embeddable":true,"href":"https:\/\/kuchniokracja.hanami.pl\/index.php\/wp-json\/wp\/v2\/tags?post=1105"}],"curies":[{"name":"wp","href":"https:\/\/api.w.org\/{rel}","templated":true}]}}