{"id":1123,"date":"2012-10-04T09:30:52","date_gmt":"2012-10-04T07:30:52","guid":{"rendered":"http:\/\/www.kuchniokracja.hanami.pl\/?p=1123"},"modified":"2013-05-30T14:18:10","modified_gmt":"2013-05-30T12:18:10","slug":"pozegnanie-lata-salatka-z-arbuzem-feta-oraz-rukola","status":"publish","type":"post","link":"https:\/\/kuchniokracja.hanami.pl\/index.php\/pozegnanie-lata-salatka-z-arbuzem-feta-oraz-rukola\/","title":{"rendered":"Po\u017cegnanie lata &#8211; sa\u0142atka z arbuzem, fet\u0105 oraz rukol\u0105"},"content":{"rendered":"<div itemscope itemtype=\"http:\/\/schema.org\/Recipe\" style=\"text-align: justify;\">\n<p style=\"text-align: justify;\">Oficjalnie zako\u0144czy\u0142am ju\u017c sezon jedzenia posi\u0142k\u00f3w na balkonie. Czas te\u017c po\u017cegna\u0107 si\u0119 z letnimi produktami. Najlepszym sposobem na to by\u0142o wykorzystanie arbuza z rodzinnego ogr\u00f3dka. Ci\u0119\u017cko to sobie wyobrazi\u0107, ale w polskich warunkach (bez szklarni) da si\u0119 uprawia\u0107 arbuzy. Nie s\u0105 one r\u00f3wnie wielkie i czerwone w \u015brodku jak ich zagraniczni koledzy, ale w smaku niczego im nie ust\u0119puj\u0105. Niedu\u017cy owoc, z ciemn\u0105 zielon\u0105 sk\u00f3rk\u0105 zosta\u0142 spo\u017cytkowany do przygotowania pachn\u0105cej s\u0142o\u0144cem sa\u0142atki z <em><strong>fet\u0105<\/strong><\/em>, <strong>rukol\u0105<\/strong> oraz <strong>octem balsamicznym<\/strong>. Przepis prosty, ale bardzo efektowny. Idealny np. na lekkie \u015bniadanie.<\/p>\n<h2 style=\"font-size: 16px; text-align: justify;\"><strong> <span itemprop=\"name\">Sa\u0142atka z arbuzem, fet\u0105 oraz rukol\u0105<\/span> &#8211; przepis:<\/strong><\/h2>\n<p><strong><span itemprop=\"ingredients\">arbuz<\/span><\/strong><br \/>\n<em><strong><span itemprop=\"ingredients\"> feta<\/span><\/strong><\/em><br \/>\n<strong><span itemprop=\"ingredients\"> rukola<\/span><\/strong><br \/>\n<strong><span itemprop=\"ingredients\"> ocet balsamiczny<\/span><\/strong><br \/>\n<strong><span itemprop=\"ingredients\"> s\u00f3l<\/span><\/strong><br \/>\n<strong><span itemprop=\"ingredients\"> pieprz<\/span><\/strong><\/p>\n<p itemprop=\"recipeInstructions\" style=\"text-align: justify;\">Rukol\u0119 myjemy. Fet\u0119 kroimy w kostki. Przy pomocy wykrawacza robimy kuleczki z arbuza (mo\u017cemy go r\u00f3wnie\u017c pokroi\u0107 w kostki). Wszystkie sk\u0142adniki uk\u0142adamy na talerzu. Solimy, posypujemy pieprzem oraz skrapiamy octem balsamicznym. Podajemy z ciep\u0142ymi tostami, albo chrupi\u0105c\u0105 bagietk\u0105.<\/p>\n<p style=\"text-align: justify;\"><a href=\"https:\/\/kuchniokracja.hanami.pl\/wp-content\/uploads\/2012\/10\/salatka_arbuz_feta1.jpg\"><img loading=\"lazy\" decoding=\"async\" class=\"aligncenter size-full wp-image-1124\" title=\"Sa\u0142atka z arbuzem, fet\u0105 i rukol\u0105, Fot. Hanami\u00ae\" alt=\"Sa\u0142atka z arbuzem, fet\u0105 oraz rukol\u0105\" src=\"https:\/\/kuchniokracja.hanami.pl\/wp-content\/uploads\/2012\/10\/salatka_arbuz_feta1.jpg\" width=\"550\" height=\"337\" srcset=\"https:\/\/kuchniokracja.hanami.pl\/wp-content\/uploads\/2012\/10\/salatka_arbuz_feta1.jpg 550w, https:\/\/kuchniokracja.hanami.pl\/wp-content\/uploads\/2012\/10\/salatka_arbuz_feta1-300x183.jpg 300w\" sizes=\"auto, (max-width: 550px) 100vw, 550px\" \/><\/a><\/p>\n<p style=\"text-align: justify;\"><a href=\"https:\/\/kuchniokracja.hanami.pl\/wp-content\/uploads\/2012\/10\/salatka_arbuz_feta.jpg\"><img loading=\"lazy\" decoding=\"async\" class=\"aligncenter size-full wp-image-1125\" itemprop=\"image\" title=\"Sa\u0142atka z arbuzem, fet\u0105 i rukol\u0105, Fot. Hanami\u00ae\" alt=\"Sa\u0142atka z arbuzem, fet\u0105 oraz rukol\u0105\" src=\"https:\/\/kuchniokracja.hanami.pl\/wp-content\/uploads\/2012\/10\/salatka_arbuz_feta.jpg\" width=\"550\" height=\"415\" srcset=\"https:\/\/kuchniokracja.hanami.pl\/wp-content\/uploads\/2012\/10\/salatka_arbuz_feta.jpg 550w, https:\/\/kuchniokracja.hanami.pl\/wp-content\/uploads\/2012\/10\/salatka_arbuz_feta-300x226.jpg 300w\" sizes=\"auto, (max-width: 550px) 100vw, 550px\" \/><\/a><\/p>\n<\/div>\n","protected":false},"excerpt":{"rendered":"<p>Oficjalnie zako\u0144czy\u0142am ju\u017c sezon jedzenia posi\u0142k\u00f3w na balkonie. Czas te\u017c po\u017cegna\u0107 si\u0119 z letnimi produktami. Najlepszym sposobem na to by\u0142o wykorzystanie arbuza z rodzinnego ogr\u00f3dka. Ci\u0119\u017cko to sobie wyobrazi\u0107, ale w polskich warunkach (bez szklarni) da si\u0119 uprawia\u0107 arbuzy. Nie s\u0105 one r\u00f3wnie wielkie i czerwone w \u015brodku jak ich zagraniczni koledzy, ale w smaku&#8230;<\/p>\n","protected":false},"author":2,"featured_media":0,"comment_status":"open","ping_status":"closed","sticky":false,"template":"","format":"standard","meta":{"footnotes":""},"categories":[64],"tags":[384,385,69,12,386,230,306],"class_list":["post-1123","post","type-post","status-publish","format-standard","hentry","category-kuchnia-fusion","tag-arbuz","tag-feta","tag-kuchnia-fusion-2","tag-przepisy-2","tag-rukola","tag-salatka","tag-sniadanie"],"_links":{"self":[{"href":"https:\/\/kuchniokracja.hanami.pl\/index.php\/wp-json\/wp\/v2\/posts\/1123","targetHints":{"allow":["GET"]}}],"collection":[{"href":"https:\/\/kuchniokracja.hanami.pl\/index.php\/wp-json\/wp\/v2\/posts"}],"about":[{"href":"https:\/\/kuchniokracja.hanami.pl\/index.php\/wp-json\/wp\/v2\/types\/post"}],"author":[{"embeddable":true,"href":"https:\/\/kuchniokracja.hanami.pl\/index.php\/wp-json\/wp\/v2\/users\/2"}],"replies":[{"embeddable":true,"href":"https:\/\/kuchniokracja.hanami.pl\/index.php\/wp-json\/wp\/v2\/comments?post=1123"}],"version-history":[{"count":6,"href":"https:\/\/kuchniokracja.hanami.pl\/index.php\/wp-json\/wp\/v2\/posts\/1123\/revisions"}],"predecessor-version":[{"id":3432,"href":"https:\/\/kuchniokracja.hanami.pl\/index.php\/wp-json\/wp\/v2\/posts\/1123\/revisions\/3432"}],"wp:attachment":[{"href":"https:\/\/kuchniokracja.hanami.pl\/index.php\/wp-json\/wp\/v2\/media?parent=1123"}],"wp:term":[{"taxonomy":"category","embeddable":true,"href":"https:\/\/kuchniokracja.hanami.pl\/index.php\/wp-json\/wp\/v2\/categories?post=1123"},{"taxonomy":"post_tag","embeddable":true,"href":"https:\/\/kuchniokracja.hanami.pl\/index.php\/wp-json\/wp\/v2\/tags?post=1123"}],"curies":[{"name":"wp","href":"https:\/\/api.w.org\/{rel}","templated":true}]}}