{"id":1635,"date":"2012-11-24T08:25:02","date_gmt":"2012-11-24T07:25:02","guid":{"rendered":"http:\/\/www.kuchniokracja.hanami.pl\/?p=1635"},"modified":"2013-05-30T13:21:44","modified_gmt":"2013-05-30T11:21:44","slug":"sliwki-zawijane-w-boczek","status":"publish","type":"post","link":"https:\/\/kuchniokracja.hanami.pl\/index.php\/sliwki-zawijane-w-boczek\/","title":{"rendered":"\u015aliwki zawijane w boczek"},"content":{"rendered":"<div itemscope itemtype=\"http:\/\/schema.org\/Recipe\" style=\"text-align: justify;\">\n<p style=\"text-align: justify;\">S\u0105 takie sk\u0142adniki, kt\u00f3re idealnie do siebie pasuj\u0105. Jak dla mnie takim maria\u017cem jest suszona (lub w\u0119dzona) <strong>\u015bliwka<\/strong> i <strong>boczek<\/strong>. Tylko z tych dw\u00f3ch produkt\u00f3w mo\u017cna wyczarowa\u0107 szybk\u0105, smaczn\u0105 oraz \u0142atw\u0105 do zrobienia przek\u0105sk\u0119, kt\u00f3ra \u015bwietnie pasuje do piwa albo czego\u015b mocniejszego. \u015aliwki, z reszt\u0105, jak wszystkie suszone owoce, kojarz\u0105 mi si\u0119 ze \u015bwi\u0119tami Bo\u017cego Narodzenia, st\u0105d te\u017c uwa\u017cam, \u017ce okr\u0119cone boczkiem nadaj\u0105 si\u0119 te\u017c na jedno z da\u0144 na leniwe \u015bwi\u0105teczne popo\u0142udnie.<\/p>\n<h2 style=\"font-size: 16px; text-align: justify;\"><strong> <span itemprop=\"name\">\u015aliwki zawijane w boczek<\/span> &#8211; przepis:<\/strong><\/h2>\n<p><strong><span itemprop=\"ingredients\">\u015bliwki suszone (lub w\u0119dzone)<\/span><\/strong><br \/>\n<strong><span itemprop=\"ingredients\"> cienkie plastry boczku (bez chrz\u0105stek)<\/span><\/strong><br \/>\n<strong><span itemprop=\"ingredients\"> wyka\u0142aczki<\/span><\/strong><\/p>\n<p itemprop=\"recipeInstructions\" style=\"text-align: justify;\">\u015aliwki owijamy w boczek i spinamy wyka\u0142aczk\u0105. Koreczki uk\u0142adamy na blaszce wy\u0142o\u017conej papierem do pieczenia. Pieczemy w piekarniku rozgrzanym do 170 stopni do momentu, a\u017c boczek b\u0119dzie \u0142adnie zarumieniony na kra\u0144cach. Ja piek\u0119 d\u0142u\u017cej, tak by mi\u0119so by\u0142o bardziej chrupi\u0105ce. \u015aliwki zawijane w boczek mo\u017cemy podawa\u0107 na ciep\u0142o i na zimno, same lub z dodatkiem sos\u00f3w (szczeg\u00f3lnie BBQ).<\/p>\n<p style=\"text-align: justify;\"><a href=\"https:\/\/kuchniokracja.hanami.pl\/wp-content\/uploads\/2012\/11\/boczek_sliwki.jpg\"><img loading=\"lazy\" decoding=\"async\" class=\"aligncenter size-full wp-image-1637\" itemprop=\"image\" title=\"\u015aliwki zawijane w boczek, Fot. Hanami\u00ae\" alt=\"\u015aliwki zawijane w boczek\" src=\"https:\/\/kuchniokracja.hanami.pl\/wp-content\/uploads\/2012\/11\/boczek_sliwki.jpg\" width=\"550\" height=\"419\" srcset=\"https:\/\/kuchniokracja.hanami.pl\/wp-content\/uploads\/2012\/11\/boczek_sliwki.jpg 550w, https:\/\/kuchniokracja.hanami.pl\/wp-content\/uploads\/2012\/11\/boczek_sliwki-300x228.jpg 300w\" sizes=\"auto, (max-width: 550px) 100vw, 550px\" \/><\/a><\/p>\n<\/div>\n","protected":false},"excerpt":{"rendered":"<p>S\u0105 takie sk\u0142adniki, kt\u00f3re idealnie do siebie pasuj\u0105. Jak dla mnie takim maria\u017cem jest suszona (lub w\u0119dzona) \u015bliwka i boczek. Tylko z tych dw\u00f3ch produkt\u00f3w mo\u017cna wyczarowa\u0107 szybk\u0105, smaczn\u0105 oraz \u0142atw\u0105 do zrobienia przek\u0105sk\u0119, kt\u00f3ra \u015bwietnie pasuje do piwa albo czego\u015b mocniejszego. \u015aliwki, z reszt\u0105, jak wszystkie suszone owoce, kojarz\u0105 mi si\u0119 ze \u015bwi\u0119tami Bo\u017cego&#8230;<\/p>\n","protected":false},"author":2,"featured_media":0,"comment_status":"open","ping_status":"closed","sticky":false,"template":"","format":"standard","meta":{"footnotes":""},"categories":[64],"tags":[229,426,12,545,544],"class_list":["post-1635","post","type-post","status-publish","format-standard","hentry","category-kuchnia-fusion","tag-boczek","tag-przekaska","tag-przepisy-2","tag-sliwki-suszone","tag-sliwki-zawijane-w-boczek"],"_links":{"self":[{"href":"https:\/\/kuchniokracja.hanami.pl\/index.php\/wp-json\/wp\/v2\/posts\/1635","targetHints":{"allow":["GET"]}}],"collection":[{"href":"https:\/\/kuchniokracja.hanami.pl\/index.php\/wp-json\/wp\/v2\/posts"}],"about":[{"href":"https:\/\/kuchniokracja.hanami.pl\/index.php\/wp-json\/wp\/v2\/types\/post"}],"author":[{"embeddable":true,"href":"https:\/\/kuchniokracja.hanami.pl\/index.php\/wp-json\/wp\/v2\/users\/2"}],"replies":[{"embeddable":true,"href":"https:\/\/kuchniokracja.hanami.pl\/index.php\/wp-json\/wp\/v2\/comments?post=1635"}],"version-history":[{"count":7,"href":"https:\/\/kuchniokracja.hanami.pl\/index.php\/wp-json\/wp\/v2\/posts\/1635\/revisions"}],"predecessor-version":[{"id":3417,"href":"https:\/\/kuchniokracja.hanami.pl\/index.php\/wp-json\/wp\/v2\/posts\/1635\/revisions\/3417"}],"wp:attachment":[{"href":"https:\/\/kuchniokracja.hanami.pl\/index.php\/wp-json\/wp\/v2\/media?parent=1635"}],"wp:term":[{"taxonomy":"category","embeddable":true,"href":"https:\/\/kuchniokracja.hanami.pl\/index.php\/wp-json\/wp\/v2\/categories?post=1635"},{"taxonomy":"post_tag","embeddable":true,"href":"https:\/\/kuchniokracja.hanami.pl\/index.php\/wp-json\/wp\/v2\/tags?post=1635"}],"curies":[{"name":"wp","href":"https:\/\/api.w.org\/{rel}","templated":true}]}}