{"id":3088,"date":"2013-04-18T08:50:21","date_gmt":"2013-04-18T06:50:21","guid":{"rendered":"http:\/\/www.kuchniokracja.hanami.pl\/?p=3088"},"modified":"2013-04-18T08:18:58","modified_gmt":"2013-04-18T06:18:58","slug":"balkonowy-ogrodek-ziolowy","status":"publish","type":"post","link":"https:\/\/kuchniokracja.hanami.pl\/index.php\/balkonowy-ogrodek-ziolowy\/","title":{"rendered":"Balkonowy ogr\u00f3dek zio\u0142owy"},"content":{"rendered":"<p style=\"text-align: justify;\">Robi si\u0119 cieplej, czas wi\u0119c pomy\u015ble\u0107 o posadzeniu na balkonie \u015bwie\u017cych <strong>zi\u00f3\u0142<\/strong>. Niestety, nale\u017c\u0119 do tych os\u00f3b, kt\u00f3re s\u0105 do\u015b\u0107 s\u0142abo zaprawione w ogrodnictwie. Nie siej\u0119 zatem ro\u015blin z ziaren, tylko kupuje gotowe sadzonki. L\u0105duj\u0105 one na moim balkonie i od maja s\u0105 dodatkiem do wszystkiego, co gotuj\u0119. Czego nie mo\u017ce zabrakn\u0105\u0107 w moim zio\u0142owym ogr\u00f3dku? Oto lista najbardziej obowi\u0105zkowych ro\u015blin.<\/p>\n<p style=\"text-align: justify;\"><strong>Mi\u0119ta<\/strong> &#8211; bez niej nie by\u0142o by cudownych deser\u00f3w czy <em>mojito<\/em>. Dodaj\u0119 j\u0105 r\u00f3wnie\u017c do da\u0144 mi\u0119snych, rybnych oraz sa\u0142atek. Ze \u015bwie\u017cych li\u015bci mi\u0119ty mo\u017cna te\u017c zrobi\u0107 pyszn\u0105 herbatk\u0119 dzia\u0142aj\u0105c\u0105 zbawiennie na uk\u0142ad pokarmowy.<\/p>\n<p style=\"text-align: justify;\"><strong>Oregano<\/strong> i <strong>bazylia<\/strong> &#8211; niezast\u0105piony duet do da\u0144 kuchni \u015br\u00f3dziemnomorskiej, z reszt\u0105 nie tylko. \u015awie\u017ce zio\u0142a sprawdzaj\u0105 si\u0119 \u015bwietnie jako dodatek do frytek (bardzo polecam, patent\u00a0zapo\u017cyczy\u0142am\u00a0z Grecji).<\/p>\n<p style=\"text-align: justify;\"><strong>Tymianek<\/strong> &#8211; dodaj\u0119 do wszystkiego, to jedna z moich ulubionych przypraw.<\/p>\n<p style=\"text-align: justify;\"><strong>Stewia<\/strong> &#8211; super s\u0142odzik. Li\u015bcie mo\u017cna suszy\u0107 i przerabia\u0107 na py\u0142ek do s\u0142odzenia lub dodawa\u0107 \u015bwie\u017ce do wypiek\u00f3w oraz deser\u00f3w. Ci\u0105gle ucz\u0119 si\u0119 tej ro\u015bliny, gdy\u017c gotowanie z ni\u0105 nie jest takie proste. Ze wzgl\u0119du na to, \u017ce dodajemy jej niewiele trudno jest opracowa\u0107 odpowiednie proporcje sk\u0142adnik\u00f3w.<\/p>\n<p style=\"text-align: justify;\"><strong>Ziele oliwne<\/strong> &#8211; moje zesz\u0142oroczne odkrycie. Cudowne zio\u0142o do sa\u0142atek o pi\u0119knym oliwnym zapachu. Pasuje r\u00f3wnie\u017c do ryb.<\/p>\n<p style=\"text-align: justify;\"><strong>Werbena cytrynowa<\/strong> &#8211; pasuje do deser\u00f3w, wypiek\u00f3w, mi\u0119sa i ryb. Dodaj\u0119 j\u0105 te\u017c do sa\u0142atek. Zrobiona z niej herbatka poprawia dzia\u0142anie uk\u0142adu pokarmowego.<\/p>\n<p style=\"text-align: justify;\"><a href=\"https:\/\/kuchniokracja.hanami.pl\/wp-content\/uploads\/2013\/04\/mieta.jpg\"><img loading=\"lazy\" decoding=\"async\" class=\"aligncenter size-full wp-image-3089\" alt=\"Mi\u0119ta, Hanami\u00ae\" src=\"https:\/\/kuchniokracja.hanami.pl\/wp-content\/uploads\/2013\/04\/mieta.jpg\" width=\"550\" height=\"367\" srcset=\"https:\/\/kuchniokracja.hanami.pl\/wp-content\/uploads\/2013\/04\/mieta.jpg 550w, https:\/\/kuchniokracja.hanami.pl\/wp-content\/uploads\/2013\/04\/mieta-300x200.jpg 300w\" sizes=\"auto, (max-width: 550px) 100vw, 550px\" \/><\/a><\/p>\n","protected":false},"excerpt":{"rendered":"<p>Robi si\u0119 cieplej, czas wi\u0119c pomy\u015ble\u0107 o posadzeniu na balkonie \u015bwie\u017cych zi\u00f3\u0142. Niestety, nale\u017c\u0119 do tych os\u00f3b, kt\u00f3re s\u0105 do\u015b\u0107 s\u0142abo zaprawione w ogrodnictwie. Nie siej\u0119 zatem ro\u015blin z ziaren, tylko kupuje gotowe sadzonki. L\u0105duj\u0105 one na moim balkonie i od maja s\u0105 dodatkiem do wszystkiego, co gotuj\u0119. Czego nie mo\u017ce zabrakn\u0105\u0107 w moim zio\u0142owym&#8230;<\/p>\n","protected":false},"author":2,"featured_media":0,"comment_status":"open","ping_status":"closed","sticky":false,"template":"","format":"standard","meta":{"footnotes":""},"categories":[64],"tags":[924,70,85,358,291,253,446,923],"class_list":["post-3088","post","type-post","status-publish","format-standard","hentry","category-kuchnia-fusion","tag-bazylia","tag-mieta","tag-oregano","tag-stewia","tag-tymianek","tag-werbena-cytrynowa","tag-ziele-oliwne","tag-ziola"],"_links":{"self":[{"href":"https:\/\/kuchniokracja.hanami.pl\/index.php\/wp-json\/wp\/v2\/posts\/3088","targetHints":{"allow":["GET"]}}],"collection":[{"href":"https:\/\/kuchniokracja.hanami.pl\/index.php\/wp-json\/wp\/v2\/posts"}],"about":[{"href":"https:\/\/kuchniokracja.hanami.pl\/index.php\/wp-json\/wp\/v2\/types\/post"}],"author":[{"embeddable":true,"href":"https:\/\/kuchniokracja.hanami.pl\/index.php\/wp-json\/wp\/v2\/users\/2"}],"replies":[{"embeddable":true,"href":"https:\/\/kuchniokracja.hanami.pl\/index.php\/wp-json\/wp\/v2\/comments?post=3088"}],"version-history":[{"count":4,"href":"https:\/\/kuchniokracja.hanami.pl\/index.php\/wp-json\/wp\/v2\/posts\/3088\/revisions"}],"predecessor-version":[{"id":3093,"href":"https:\/\/kuchniokracja.hanami.pl\/index.php\/wp-json\/wp\/v2\/posts\/3088\/revisions\/3093"}],"wp:attachment":[{"href":"https:\/\/kuchniokracja.hanami.pl\/index.php\/wp-json\/wp\/v2\/media?parent=3088"}],"wp:term":[{"taxonomy":"category","embeddable":true,"href":"https:\/\/kuchniokracja.hanami.pl\/index.php\/wp-json\/wp\/v2\/categories?post=3088"},{"taxonomy":"post_tag","embeddable":true,"href":"https:\/\/kuchniokracja.hanami.pl\/index.php\/wp-json\/wp\/v2\/tags?post=3088"}],"curies":[{"name":"wp","href":"https:\/\/api.w.org\/{rel}","templated":true}]}}