{"id":3146,"date":"2013-04-28T09:53:05","date_gmt":"2013-04-28T07:53:05","guid":{"rendered":"http:\/\/www.kuchniokracja.hanami.pl\/?p=3146"},"modified":"2013-04-28T10:06:26","modified_gmt":"2013-04-28T08:06:26","slug":"targ-sniadaniowy-warszawa","status":"publish","type":"post","link":"https:\/\/kuchniokracja.hanami.pl\/index.php\/targ-sniadaniowy-warszawa\/","title":{"rendered":"Targ \u015aniadaniowy &#8211; Warszawa"},"content":{"rendered":"<p style=\"text-align: justify;\">Wczoraj na \u017boliborzu (Aleja Wojska Polskiego, w godzinach 8:00-14:00), odby\u0142 si\u0119 pierwszy <strong>Targ \u015aniadaniowy<\/strong>\u00a0&#8211; kolejna inicjatywa przybli\u017caj\u0105ca mieszka\u0144com Warszawy dobre jedzenie. Je\u015bli nie wiedzieli\u015bcie o wydarzeniu, nic straconego, targ ma si\u0119 bowiem odbywa\u0107 cyklicznie (nast\u0119pny targ 11 maja). Na stoiskach mo\u017cna by\u0142o kupi\u0107 wszystko, co niezb\u0119dne do przygotowania \u015bniadania w domu (pieczywo, w\u0119dliny, sery, konfitury itd.) albo spr\u00f3bowa\u0107 \u015bniadaniowych specja\u0142\u00f3w dost\u0119pnych na miejscu (organizatorzy zadbali o to, by w wygodnych warunkach &#8211; przy zadaszonych sto\u0142ach &#8211; mo\u017cna by\u0142o zje\u015b\u0107 posi\u0142ek). By\u0142 r\u00f3wnie\u017c ma\u0142y plac zabaw dla dzieci.<\/p>\n<p style=\"text-align: justify;\"><strong>Targ \u015aniadaniowy\u00a0<\/strong>pokaza\u0142, \u017ce dobre jedzenie to dobre emocje. Nieznajomi u\u015bmiechaj\u0105cy si\u0119 do siebie siedz\u0105cy przy wsp\u00f3lny stole, pogoda ducha unosz\u0105ca si\u0119 w powietrzu oraz \u017cyczliwi sprzedawcy, kt\u00f3rych \u0142\u0105czy z tym, co robi\u0105 co\u015b wi\u0119cej ni\u017c przymus zarobkowy. Ja na pewno b\u0119d\u0119 regularnie zagl\u0105da\u0107. Poni\u017cej kilka zdj\u0119\u0107 z wczorajszej imprezy. Wi\u0119cej informacji o <a href=\"https:\/\/www.facebook.com\/pages\/TARG-%C5%9Aniadaniowy\/447830148628509?fref=ts\">wydarzeniu<\/a>.<\/p>\n<div id=\"attachment_3147\" style=\"width: 560px\" class=\"wp-caption aligncenter\"><a href=\"https:\/\/kuchniokracja.hanami.pl\/wp-content\/uploads\/2013\/04\/tsz1.jpg\"><img loading=\"lazy\" decoding=\"async\" aria-describedby=\"caption-attachment-3147\" class=\"size-full wp-image-3147\" alt=\"Targ \u015aniadaniowy - 27 kwietnia, Warszawa, Hanami\u00ae\" src=\"https:\/\/kuchniokracja.hanami.pl\/wp-content\/uploads\/2013\/04\/tsz1.jpg\" width=\"550\" height=\"405\" srcset=\"https:\/\/kuchniokracja.hanami.pl\/wp-content\/uploads\/2013\/04\/tsz1.jpg 550w, https:\/\/kuchniokracja.hanami.pl\/wp-content\/uploads\/2013\/04\/tsz1-300x220.jpg 300w\" sizes=\"auto, (max-width: 550px) 100vw, 550px\" \/><\/a><p id=\"caption-attachment-3147\" class=\"wp-caption-text\">Targ \u015aniadaniowy &#8211; 27 kwietnia, Warszawa<\/p><\/div>\n<div id=\"attachment_3148\" style=\"width: 560px\" class=\"wp-caption aligncenter\"><a href=\"https:\/\/kuchniokracja.hanami.pl\/wp-content\/uploads\/2013\/04\/tsz2.jpg\"><img loading=\"lazy\" decoding=\"async\" aria-describedby=\"caption-attachment-3148\" class=\"size-full wp-image-3148\" alt=\"Targ \u015aniadaniowy - 27 kwietnia, Warszawa, Hanami\u00ae\" src=\"https:\/\/kuchniokracja.hanami.pl\/wp-content\/uploads\/2013\/04\/tsz2.jpg\" width=\"550\" height=\"402\" srcset=\"https:\/\/kuchniokracja.hanami.pl\/wp-content\/uploads\/2013\/04\/tsz2.jpg 550w, https:\/\/kuchniokracja.hanami.pl\/wp-content\/uploads\/2013\/04\/tsz2-300x219.jpg 300w\" sizes=\"auto, (max-width: 550px) 100vw, 550px\" \/><\/a><p id=\"caption-attachment-3148\" class=\"wp-caption-text\">Targ \u015aniadaniowy &#8211; 27 kwietnia, Warszawa<\/p><\/div>\n<div id=\"attachment_3149\" style=\"width: 560px\" class=\"wp-caption aligncenter\"><a href=\"https:\/\/kuchniokracja.hanami.pl\/wp-content\/uploads\/2013\/04\/tsz3.jpg\"><img loading=\"lazy\" decoding=\"async\" aria-describedby=\"caption-attachment-3149\" class=\"size-full wp-image-3149\" alt=\"Targ \u015aniadaniowy - 27 kwietnia, Warszawa, Hanami\u00ae\" src=\"https:\/\/kuchniokracja.hanami.pl\/wp-content\/uploads\/2013\/04\/tsz3.jpg\" width=\"550\" height=\"383\" srcset=\"https:\/\/kuchniokracja.hanami.pl\/wp-content\/uploads\/2013\/04\/tsz3.jpg 550w, https:\/\/kuchniokracja.hanami.pl\/wp-content\/uploads\/2013\/04\/tsz3-300x208.jpg 300w\" sizes=\"auto, (max-width: 550px) 100vw, 550px\" \/><\/a><p id=\"caption-attachment-3149\" class=\"wp-caption-text\">Targ \u015aniadaniowy &#8211; 27 kwietnia, Warszawa<\/p><\/div>\n<div id=\"attachment_3150\" style=\"width: 560px\" class=\"wp-caption aligncenter\"><a href=\"https:\/\/kuchniokracja.hanami.pl\/wp-content\/uploads\/2013\/04\/stz4.jpg\"><img loading=\"lazy\" decoding=\"async\" aria-describedby=\"caption-attachment-3150\" class=\"size-full wp-image-3150\" alt=\"Przepyszne kanapki ze stoiska Myszy i \u015blimaki, Targ \u015aniadaniowy - 27 kwietnia, Warszawa, Hanami\u00ae\" src=\"https:\/\/kuchniokracja.hanami.pl\/wp-content\/uploads\/2013\/04\/stz4.jpg\" width=\"550\" height=\"367\" srcset=\"https:\/\/kuchniokracja.hanami.pl\/wp-content\/uploads\/2013\/04\/stz4.jpg 550w, https:\/\/kuchniokracja.hanami.pl\/wp-content\/uploads\/2013\/04\/stz4-300x200.jpg 300w\" sizes=\"auto, (max-width: 550px) 100vw, 550px\" \/><\/a><p id=\"caption-attachment-3150\" class=\"wp-caption-text\">Przepyszne kanapki ze stoiska Myszy i \u015blimaki, Targ \u015aniadaniowy &#8211; 27 kwietnia, Warszawa<\/p><\/div>\n<div id=\"attachment_3151\" style=\"width: 360px\" class=\"wp-caption aligncenter\"><a href=\"https:\/\/kuchniokracja.hanami.pl\/wp-content\/uploads\/2013\/04\/tsz5.jpg\"><img loading=\"lazy\" decoding=\"async\" aria-describedby=\"caption-attachment-3151\" class=\"size-full wp-image-3151\" alt=\"Stoisko z wyrobami z w\u0119gierskiej \u015bwinki, Targ \u015aniadaniowy - 27 kwietnia, Warszawa, Hanami\u00ae\" src=\"https:\/\/kuchniokracja.hanami.pl\/wp-content\/uploads\/2013\/04\/tsz5.jpg\" width=\"350\" height=\"525\" srcset=\"https:\/\/kuchniokracja.hanami.pl\/wp-content\/uploads\/2013\/04\/tsz5.jpg 350w, https:\/\/kuchniokracja.hanami.pl\/wp-content\/uploads\/2013\/04\/tsz5-200x300.jpg 200w\" sizes=\"auto, (max-width: 350px) 100vw, 350px\" \/><\/a><p id=\"caption-attachment-3151\" class=\"wp-caption-text\">Stoisko z w\u0119gierskimi i polskimi wyrobami, Targ \u015aniadaniowy &#8211; 27 kwietnia, Warszawa<\/p><\/div>\n","protected":false},"excerpt":{"rendered":"<p>Wczoraj na \u017boliborzu (Aleja Wojska Polskiego, w godzinach 8:00-14:00), odby\u0142 si\u0119 pierwszy Targ \u015aniadaniowy\u00a0&#8211; kolejna inicjatywa przybli\u017caj\u0105ca mieszka\u0144com Warszawy dobre jedzenie. Je\u015bli nie wiedzieli\u015bcie o wydarzeniu, nic straconego, targ ma si\u0119 bowiem odbywa\u0107 cyklicznie (nast\u0119pny targ 11 maja). Na stoiskach mo\u017cna by\u0142o kupi\u0107 wszystko, co niezb\u0119dne do przygotowania \u015bniadania w domu (pieczywo, w\u0119dliny, sery, konfitury&#8230;<\/p>\n","protected":false},"author":2,"featured_media":0,"comment_status":"open","ping_status":"closed","sticky":false,"template":"","format":"standard","meta":{"footnotes":""},"categories":[282],"tags":[947,948,945,946],"class_list":["post-3146","post","type-post","status-publish","format-standard","hentry","category-podroze-kulinarne","tag-impreza","tag-targ-jedzenia","tag-targ-sniadaniowy","tag-warszawa"],"_links":{"self":[{"href":"https:\/\/kuchniokracja.hanami.pl\/index.php\/wp-json\/wp\/v2\/posts\/3146","targetHints":{"allow":["GET"]}}],"collection":[{"href":"https:\/\/kuchniokracja.hanami.pl\/index.php\/wp-json\/wp\/v2\/posts"}],"about":[{"href":"https:\/\/kuchniokracja.hanami.pl\/index.php\/wp-json\/wp\/v2\/types\/post"}],"author":[{"embeddable":true,"href":"https:\/\/kuchniokracja.hanami.pl\/index.php\/wp-json\/wp\/v2\/users\/2"}],"replies":[{"embeddable":true,"href":"https:\/\/kuchniokracja.hanami.pl\/index.php\/wp-json\/wp\/v2\/comments?post=3146"}],"version-history":[{"count":10,"href":"https:\/\/kuchniokracja.hanami.pl\/index.php\/wp-json\/wp\/v2\/posts\/3146\/revisions"}],"predecessor-version":[{"id":3160,"href":"https:\/\/kuchniokracja.hanami.pl\/index.php\/wp-json\/wp\/v2\/posts\/3146\/revisions\/3160"}],"wp:attachment":[{"href":"https:\/\/kuchniokracja.hanami.pl\/index.php\/wp-json\/wp\/v2\/media?parent=3146"}],"wp:term":[{"taxonomy":"category","embeddable":true,"href":"https:\/\/kuchniokracja.hanami.pl\/index.php\/wp-json\/wp\/v2\/categories?post=3146"},{"taxonomy":"post_tag","embeddable":true,"href":"https:\/\/kuchniokracja.hanami.pl\/index.php\/wp-json\/wp\/v2\/tags?post=3146"}],"curies":[{"name":"wp","href":"https:\/\/api.w.org\/{rel}","templated":true}]}}