{"id":3328,"date":"2013-05-24T09:25:21","date_gmt":"2013-05-24T07:25:21","guid":{"rendered":"http:\/\/www.kuchniokracja.hanami.pl\/?p=3328"},"modified":"2013-07-29T15:09:41","modified_gmt":"2013-07-29T13:09:41","slug":"makaron-mie-ze-szparagami-czerwona-cebula-i-suszonymi-pomidorami","status":"publish","type":"post","link":"https:\/\/kuchniokracja.hanami.pl\/index.php\/makaron-mie-ze-szparagami-czerwona-cebula-i-suszonymi-pomidorami\/","title":{"rendered":"Makaron mie ze szparagami, czerwon\u0105 cebul\u0105 i suszonymi pomidorami"},"content":{"rendered":"<div itemscope itemtype=\"http:\/\/schema.org\/Recipe\" style=\"text-align: justify;\">\n<p style=\"text-align: justify;\">Czasem mam w domu kilka, r\u00f3\u017cnych, pootwieranych produkt\u00f3w, kt\u00f3re zosta\u0142y z przygotowania innych da\u0144. \u00a0Staram si\u0119 je zu\u017cy\u0107, jak najszybciej wymy\u015blaj\u0105c potrawy ich zastosowaniem. Tak te\u017c by\u0142o w przypadku\u00a0makaronu <em><strong>mie<\/strong><\/em> ze szparagami, czerwon\u0105 cebul\u0105 i suszonymi pomidorami, w kt\u00f3rych jedynym dokupionym warzywem by\u0142y sezonowe <strong>szparagi<\/strong>.<\/p>\n<h2 style=\"font-size: 16px; text-align: justify;\"><strong><span itemprop=\"name\">Makaron <em>mie\u00a0<\/em>ze szparagami, czerwon\u0105 cebul\u0105 i suszonymi pomidorami<\/span> &#8211; przepis:<\/strong><\/h2>\n<p><strong><span itemprop=\"ingredients\">150 g makaronu <em>mie<\/em><\/span><\/strong><br \/>\n<strong><span itemprop=\"ingredients\">p\u0119czek zielonych szparag\u00f3w<\/span><\/strong><br \/>\n<strong><span itemprop=\"ingredients\">10 po\u0142\u00f3wek suszonych pomidor\u00f3w w oleju<\/span><\/strong><br \/>\n<strong><span itemprop=\"ingredients\">3 czerwone cebule<\/span><\/strong><br \/>\n<strong><span itemprop=\"ingredients\">szczypior<\/span><\/strong><br \/>\n<strong><span itemprop=\"ingredients\">ser do posypania (ja u\u017cy\u0142am <em>Primo sale pepe nero stagionato<\/em>)<\/span><\/strong><br \/>\n<strong><span itemprop=\"ingredients\">s\u00f3l, pieprz<\/span><\/strong><\/p>\n<p itemprop=\"recipeInstructions\" style=\"text-align: justify;\">Na patelni\u0119 wrzucamy pokrojon\u0105 w plasterki cebul\u0119 i podsma\u017camy przez chwil\u0119. Nast\u0119pnie dodajemy suszone pomidory (pokrojone w paski) i szparagi pokrojone na kawa\u0142ki, doprawiamy. Dusimy pod przykryciem oko\u0142o 5 minut. W mi\u0119dzyczasie gotujemy makaron. Kiedy makaron jest ju\u017c gotowy \u0142\u0105czymy go z dodatkami. Danie podajemy posypane szczypiorkiem i startym serem.<\/p>\n<p><a href=\"https:\/\/kuchniokracja.hanami.pl\/wp-content\/uploads\/2013\/05\/makaron_mie_szparagi.jpg\"><img loading=\"lazy\" decoding=\"async\" class=\"aligncenter size-full wp-image-3329\" itemprop=\"image\" alt=\"Makaron mie ze szparagami, czerwon\u0105 cebul\u0105 i suszonymi pomidorami, Hanami\u00ae\" src=\"https:\/\/kuchniokracja.hanami.pl\/wp-content\/uploads\/2013\/05\/makaron_mie_szparagi.jpg\" width=\"550\" height=\"369\" srcset=\"https:\/\/kuchniokracja.hanami.pl\/wp-content\/uploads\/2013\/05\/makaron_mie_szparagi.jpg 550w, https:\/\/kuchniokracja.hanami.pl\/wp-content\/uploads\/2013\/05\/makaron_mie_szparagi-300x201.jpg 300w\" sizes=\"auto, (max-width: 550px) 100vw, 550px\" \/><\/a><\/p>\n<\/div>\n","protected":false},"excerpt":{"rendered":"<p>Czasem mam w domu kilka, r\u00f3\u017cnych, pootwieranych produkt\u00f3w, kt\u00f3re zosta\u0142y z przygotowania innych da\u0144. \u00a0Staram si\u0119 je zu\u017cy\u0107, jak najszybciej wymy\u015blaj\u0105c potrawy ich zastosowaniem. Tak te\u017c by\u0142o w przypadku\u00a0makaronu mie ze szparagami, czerwon\u0105 cebul\u0105 i suszonymi pomidorami, w kt\u00f3rych jedynym dokupionym warzywem by\u0142y sezonowe szparagi. Makaron mie\u00a0ze szparagami, czerwon\u0105 cebul\u0105 i suszonymi pomidorami &#8211; przepis:&#8230;<\/p>\n","protected":false},"author":2,"featured_media":0,"comment_status":"open","ping_status":"closed","sticky":false,"template":"","format":"standard","meta":{"footnotes":""},"categories":[64],"tags":[833,69,584,980,12,834,821,975],"class_list":["post-3328","post","type-post","status-publish","format-standard","hentry","category-kuchnia-fusion","tag-czerwona-cebula","tag-kuchnia-fusion-2","tag-makaron-mie","tag-primo-sale-pepe-nero-stagionato","tag-przepisy-2","tag-ser-owczy","tag-suszone-pomidory","tag-zielone-szparagi"],"_links":{"self":[{"href":"https:\/\/kuchniokracja.hanami.pl\/index.php\/wp-json\/wp\/v2\/posts\/3328","targetHints":{"allow":["GET"]}}],"collection":[{"href":"https:\/\/kuchniokracja.hanami.pl\/index.php\/wp-json\/wp\/v2\/posts"}],"about":[{"href":"https:\/\/kuchniokracja.hanami.pl\/index.php\/wp-json\/wp\/v2\/types\/post"}],"author":[{"embeddable":true,"href":"https:\/\/kuchniokracja.hanami.pl\/index.php\/wp-json\/wp\/v2\/users\/2"}],"replies":[{"embeddable":true,"href":"https:\/\/kuchniokracja.hanami.pl\/index.php\/wp-json\/wp\/v2\/comments?post=3328"}],"version-history":[{"count":3,"href":"https:\/\/kuchniokracja.hanami.pl\/index.php\/wp-json\/wp\/v2\/posts\/3328\/revisions"}],"predecessor-version":[{"id":3959,"href":"https:\/\/kuchniokracja.hanami.pl\/index.php\/wp-json\/wp\/v2\/posts\/3328\/revisions\/3959"}],"wp:attachment":[{"href":"https:\/\/kuchniokracja.hanami.pl\/index.php\/wp-json\/wp\/v2\/media?parent=3328"}],"wp:term":[{"taxonomy":"category","embeddable":true,"href":"https:\/\/kuchniokracja.hanami.pl\/index.php\/wp-json\/wp\/v2\/categories?post=3328"},{"taxonomy":"post_tag","embeddable":true,"href":"https:\/\/kuchniokracja.hanami.pl\/index.php\/wp-json\/wp\/v2\/tags?post=3328"}],"curies":[{"name":"wp","href":"https:\/\/api.w.org\/{rel}","templated":true}]}}