{"id":3827,"date":"2013-07-16T09:01:29","date_gmt":"2013-07-16T07:01:29","guid":{"rendered":"http:\/\/www.kuchniokracja.hanami.pl\/?p=3827"},"modified":"2013-10-30T20:28:39","modified_gmt":"2013-10-30T19:28:39","slug":"ciasto-z-wisniami","status":"publish","type":"post","link":"https:\/\/kuchniokracja.hanami.pl\/index.php\/ciasto-z-wisniami\/","title":{"rendered":"Ciasto z wi\u015bniami"},"content":{"rendered":"<div itemscope itemtype=\"http:\/\/schema.org\/Recipe\" style=\"text-align: justify;\">Ostatnio w domu mam prawdziw\u0105 faktori\u0119 wyrob\u00f3w owocowych. Przerabiam kilogramy porzeczek, agrestu, jag\u00f3d, moreli, czere\u015bni i wi\u015bni. L\u0105duj\u0105 one w ciastach, deserach, a niekt\u00f3re nawet w towarzystwie mi\u0119s. Niestety, nie robi\u0119 s\u0142oik\u00f3w, po prostu nie mam ich gdzie przechowywa\u0107. Tym razem b\u0119dzie co\u015b do kawy &#8211; szybkie <strong>ciasto z wi\u015bniami<\/strong>.<\/p>\n<h2 style=\"font-size: 16px; text-align: justify;\"><strong><span itemprop=\"name\">Ciasto z wi\u015bniami<\/span> &#8211; przepis<\/strong><\/h2>\n<p><strong><span itemprop=\"ingredients\"> 230 g m\u0105ki<\/span><\/strong><br \/>\n<strong><span itemprop=\"ingredients\"> 80-100 g cukru<\/span><\/strong><br \/>\n<strong><span itemprop=\"ingredients\"> 100 g mas\u0142a <\/span><\/strong><br \/>\n<strong><span itemprop=\"ingredients\"> 3 \u017c\u00f3\u0142tka<\/span><\/strong><br \/>\n<strong><span itemprop=\"ingredients\"> 500-600 g wi\u015bni<\/span><\/strong><br \/>\n<strong><span itemprop=\"ingredients\"> cukier puder<\/span><\/strong><\/p>\n<p itemprop=\"recipeInstructions\" style=\"text-align: justify;\">Mas\u0142o rozpuszczamy w misce. Dodajemy \u017c\u00f3\u0142tka, cukier oraz m\u0105k\u0119 i dobrze wyrabiamy. Ciasto przek\u0142adamy do formy wy\u0142o\u017conej papierem do pieczenia i nak\u0142uwamy w wielu miejscach widelcem. Form\u0119 wstawiamy na 12-15 minut do piekarnika rozgrzanego do 200 stopni. W mi\u0119dzyczasie drylujemy wi\u015bnie i kroimy je na p\u00f3\u0142. Po wyj\u0119ciu spodu z piekarnika posypujemy wierzch odrobin\u0105 m\u0105ki i rozk\u0142adamy na nim wi\u015bnie. Ciasto wstawiamy na 25-30 minut do piekarnika rozgrzanego do 180 stopni. Przed podaniem posypujemy cukrem pudrem.<\/p>\n<p><a href=\"https:\/\/kuchniokracja.hanami.pl\/wp-content\/uploads\/2013\/07\/ciasto_wisniowe.jpg\"><img loading=\"lazy\" decoding=\"async\" class=\"aligncenter size-full wp-image-3828\" itemprop=\"image\" alt=\"Ciasto z wi\u015bniami, Fot. Hanami\u00ae\" src=\"https:\/\/kuchniokracja.hanami.pl\/wp-content\/uploads\/2013\/07\/ciasto_wisniowe.jpg\" width=\"550\" height=\"363\" srcset=\"https:\/\/kuchniokracja.hanami.pl\/wp-content\/uploads\/2013\/07\/ciasto_wisniowe.jpg 550w, https:\/\/kuchniokracja.hanami.pl\/wp-content\/uploads\/2013\/07\/ciasto_wisniowe-300x197.jpg 300w\" sizes=\"auto, (max-width: 550px) 100vw, 550px\" \/><\/a><\/p>\n<\/div>\n","protected":false},"excerpt":{"rendered":"<p>Ostatnio w domu mam prawdziw\u0105 faktori\u0119 wyrob\u00f3w owocowych. Przerabiam kilogramy porzeczek, agrestu, jag\u00f3d, moreli, czere\u015bni i wi\u015bni. L\u0105duj\u0105 one w ciastach, deserach, a niekt\u00f3re nawet w towarzystwie mi\u0119s. Niestety, nie robi\u0119 s\u0142oik\u00f3w, po prostu nie mam ich gdzie przechowywa\u0107. Tym razem b\u0119dzie co\u015b do kawy &#8211; szybkie ciasto z wi\u015bniami. Ciasto z wi\u015bniami &#8211; przepis&#8230;<\/p>\n","protected":false},"author":2,"featured_media":0,"comment_status":"open","ping_status":"closed","sticky":false,"template":"","format":"standard","meta":{"footnotes":""},"categories":[4],"tags":[30,1070,63,12,5],"class_list":["post-3827","post","type-post","status-publish","format-standard","hentry","category-slodycze","tag-ciasto","tag-ciasto-z-wisniami","tag-desery","tag-przepisy-2","tag-slodycze-2"],"_links":{"self":[{"href":"https:\/\/kuchniokracja.hanami.pl\/index.php\/wp-json\/wp\/v2\/posts\/3827","targetHints":{"allow":["GET"]}}],"collection":[{"href":"https:\/\/kuchniokracja.hanami.pl\/index.php\/wp-json\/wp\/v2\/posts"}],"about":[{"href":"https:\/\/kuchniokracja.hanami.pl\/index.php\/wp-json\/wp\/v2\/types\/post"}],"author":[{"embeddable":true,"href":"https:\/\/kuchniokracja.hanami.pl\/index.php\/wp-json\/wp\/v2\/users\/2"}],"replies":[{"embeddable":true,"href":"https:\/\/kuchniokracja.hanami.pl\/index.php\/wp-json\/wp\/v2\/comments?post=3827"}],"version-history":[{"count":6,"href":"https:\/\/kuchniokracja.hanami.pl\/index.php\/wp-json\/wp\/v2\/posts\/3827\/revisions"}],"predecessor-version":[{"id":4505,"href":"https:\/\/kuchniokracja.hanami.pl\/index.php\/wp-json\/wp\/v2\/posts\/3827\/revisions\/4505"}],"wp:attachment":[{"href":"https:\/\/kuchniokracja.hanami.pl\/index.php\/wp-json\/wp\/v2\/media?parent=3827"}],"wp:term":[{"taxonomy":"category","embeddable":true,"href":"https:\/\/kuchniokracja.hanami.pl\/index.php\/wp-json\/wp\/v2\/categories?post=3827"},{"taxonomy":"post_tag","embeddable":true,"href":"https:\/\/kuchniokracja.hanami.pl\/index.php\/wp-json\/wp\/v2\/tags?post=3827"}],"curies":[{"name":"wp","href":"https:\/\/api.w.org\/{rel}","templated":true}]}}