{"id":4363,"date":"2013-10-02T10:45:40","date_gmt":"2013-10-02T08:45:40","guid":{"rendered":"http:\/\/www.kuchniokracja.hanami.pl\/?p=4363"},"modified":"2013-10-02T10:45:40","modified_gmt":"2013-10-02T08:45:40","slug":"sniadanie-we-wroclawiu","status":"publish","type":"post","link":"https:\/\/kuchniokracja.hanami.pl\/index.php\/sniadanie-we-wroclawiu\/","title":{"rendered":"\u015aniadanie we Wroc\u0142awiu"},"content":{"rendered":"<p style=\"text-align: justify;\">Ostatnio mia\u0142am d\u0142u\u017cszy wyjazd s\u0142u\u017cbowy do Wroc\u0142awia, po\u0142\u0105czony ze spotkaniem o japo\u0144skich s\u0142odyczach (dzi\u0119kuj\u0119 wszystkim przyby\u0142ym za mi\u0142y wiecz\u00f3r!) Niestety, nie by\u0142o zbyt du\u017co czasu, aby pochodzi\u0107 po mie\u015bcie i sto\u0142owa\u0107 si\u0119 w lokalnych restauracjach. W biegu wpad\u0142am na wystaw\u0119 <strong><em>Rodzina Brueghl\u00f3w, arcydzie\u0142a malarstwa flamandzkiego<\/em><\/strong>, a w dniu samego odjazdu zjad\u0142am \u015bniadanie w modnej, jak mniemam po ilo\u015bci ludzi, kawiarni\u00a0Central Cafe (ul.\u00a0\u015bw. Antoniego 10). Mo\u017cna tam oczywi\u015bcie wypi\u0107 kaw\u0119, przek\u0105si\u0107 s\u0142odk\u0105 bu\u0142k\u0119, quiche, bajgla czy ameryka\u0144skie nale\u015bniki. Mia\u0142am okazj\u0119 spr\u00f3bowa\u0107 bajgli i pancakes z owocami oraz mas\u0142em. Jedzenie by\u0142o dobre, podane szybko.<\/p>\n<p><a href=\"https:\/\/kuchniokracja.hanami.pl\/wp-content\/uploads\/2013\/10\/sniadanie_wroclaw2.jpg\"><img loading=\"lazy\" decoding=\"async\" class=\"aligncenter size-full wp-image-4364\" alt=\"\u015aniadanie we Wroc\u0142awiu, Fot. Hanami\u00ae\" src=\"https:\/\/kuchniokracja.hanami.pl\/wp-content\/uploads\/2013\/10\/sniadanie_wroclaw2.jpg\" width=\"550\" height=\"413\" srcset=\"https:\/\/kuchniokracja.hanami.pl\/wp-content\/uploads\/2013\/10\/sniadanie_wroclaw2.jpg 550w, https:\/\/kuchniokracja.hanami.pl\/wp-content\/uploads\/2013\/10\/sniadanie_wroclaw2-300x225.jpg 300w\" sizes=\"auto, (max-width: 550px) 100vw, 550px\" \/><\/a><\/p>\n<p><a href=\"https:\/\/kuchniokracja.hanami.pl\/wp-content\/uploads\/2013\/10\/sniadanie_wroclaw1.jpg\"><img loading=\"lazy\" decoding=\"async\" class=\"aligncenter size-full wp-image-4365\" alt=\"\u015aniadanie we Wroc\u0142awiu, Fot. Hanami\u00ae\" src=\"https:\/\/kuchniokracja.hanami.pl\/wp-content\/uploads\/2013\/10\/sniadanie_wroclaw1.jpg\" width=\"550\" height=\"413\" srcset=\"https:\/\/kuchniokracja.hanami.pl\/wp-content\/uploads\/2013\/10\/sniadanie_wroclaw1.jpg 550w, https:\/\/kuchniokracja.hanami.pl\/wp-content\/uploads\/2013\/10\/sniadanie_wroclaw1-300x225.jpg 300w\" sizes=\"auto, (max-width: 550px) 100vw, 550px\" \/><\/a><\/p>\n","protected":false},"excerpt":{"rendered":"<p>Ostatnio mia\u0142am d\u0142u\u017cszy wyjazd s\u0142u\u017cbowy do Wroc\u0142awia, po\u0142\u0105czony ze spotkaniem o japo\u0144skich s\u0142odyczach (dzi\u0119kuj\u0119 wszystkim przyby\u0142ym za mi\u0142y wiecz\u00f3r!) Niestety, nie by\u0142o zbyt du\u017co czasu, aby pochodzi\u0107 po mie\u015bcie i sto\u0142owa\u0107 si\u0119 w lokalnych restauracjach. W biegu wpad\u0142am na wystaw\u0119 Rodzina Brueghl\u00f3w, arcydzie\u0142a malarstwa flamandzkiego, a w dniu samego odjazdu zjad\u0142am \u015bniadanie w modnej, jak&#8230;<\/p>\n","protected":false},"author":2,"featured_media":0,"comment_status":"open","ping_status":"closed","sticky":false,"template":"","format":"standard","meta":{"footnotes":""},"categories":[282],"tags":[1192,1191,1193,284,306,1190],"class_list":["post-4363","post","type-post","status-publish","format-standard","hentry","category-podroze-kulinarne","tag-bajgle","tag-central-cafe","tag-pancakes","tag-podroze-kulinarne-2","tag-sniadanie","tag-sniadanie-we-wroclawiu"],"_links":{"self":[{"href":"https:\/\/kuchniokracja.hanami.pl\/index.php\/wp-json\/wp\/v2\/posts\/4363","targetHints":{"allow":["GET"]}}],"collection":[{"href":"https:\/\/kuchniokracja.hanami.pl\/index.php\/wp-json\/wp\/v2\/posts"}],"about":[{"href":"https:\/\/kuchniokracja.hanami.pl\/index.php\/wp-json\/wp\/v2\/types\/post"}],"author":[{"embeddable":true,"href":"https:\/\/kuchniokracja.hanami.pl\/index.php\/wp-json\/wp\/v2\/users\/2"}],"replies":[{"embeddable":true,"href":"https:\/\/kuchniokracja.hanami.pl\/index.php\/wp-json\/wp\/v2\/comments?post=4363"}],"version-history":[{"count":1,"href":"https:\/\/kuchniokracja.hanami.pl\/index.php\/wp-json\/wp\/v2\/posts\/4363\/revisions"}],"predecessor-version":[{"id":4366,"href":"https:\/\/kuchniokracja.hanami.pl\/index.php\/wp-json\/wp\/v2\/posts\/4363\/revisions\/4366"}],"wp:attachment":[{"href":"https:\/\/kuchniokracja.hanami.pl\/index.php\/wp-json\/wp\/v2\/media?parent=4363"}],"wp:term":[{"taxonomy":"category","embeddable":true,"href":"https:\/\/kuchniokracja.hanami.pl\/index.php\/wp-json\/wp\/v2\/categories?post=4363"},{"taxonomy":"post_tag","embeddable":true,"href":"https:\/\/kuchniokracja.hanami.pl\/index.php\/wp-json\/wp\/v2\/tags?post=4363"}],"curies":[{"name":"wp","href":"https:\/\/api.w.org\/{rel}","templated":true}]}}