{"id":4527,"date":"2013-11-08T08:30:19","date_gmt":"2013-11-08T07:30:19","guid":{"rendered":"http:\/\/www.kuchniokracja.hanami.pl\/?p=4527"},"modified":"2013-11-07T22:52:03","modified_gmt":"2013-11-07T21:52:03","slug":"zurawina-z-miodem-i-wanilia","status":"publish","type":"post","link":"https:\/\/kuchniokracja.hanami.pl\/index.php\/zurawina-z-miodem-i-wanilia\/","title":{"rendered":"\u017burawina z miodem i wanili\u0105"},"content":{"rendered":"<div itemscope itemtype=\"http:\/\/schema.org\/Recipe\" style=\"text-align: justify;\">\n<p style=\"text-align: justify;\"><strong>\u017burawina<\/strong> to cudowny dodatek do da\u0144, w szczeg\u00f3lno\u015bci jesienno-zimowych. Zapiekane sery, mi\u0119sa, tosty, a nawet desery nabieraj\u0105 dzi\u0119ki niej swoistego charakteru. Oczywi\u015bcie najlepiej smakuje samodzielnie przygotowana, dopasowana do naszego indywidualnego gustu. Wyj\u0105tkowo polecam kwa\u015bno-miodow\u0105 konfitur\u0119 pachn\u0105c\u0105 wanili\u0105.<\/p>\n<h2 style=\"font-size: 16px; text-align: justify;\"><strong><span itemprop=\"name\">\u017burawina z miodem i wanili\u0105<\/span>\u00a0 &#8211; przepis:<\/strong><\/h2>\n<p><strong><span itemprop=\"ingredients\">500 g \u017curawiny<\/span><\/strong><br \/>\n<strong><span itemprop=\"ingredients\"> laska wanilii<\/span><\/strong><br \/>\n<strong><span itemprop=\"ingredients\"> 150 ml wody<\/span><\/strong><br \/>\n<strong><span itemprop=\"ingredients\"> 6-10 \u0142y\u017cek miodu<\/span><\/strong><br \/>\n<strong><span itemprop=\"ingredients\"> s\u00f3l, pieprz, ga\u0142ka muszkato\u0142owa<\/span><\/strong><\/p>\n<p itemprop=\"recipeInstructions\" style=\"text-align: justify;\">\u017burawin\u0119 myjemy, przebieramy po czym wrzucamy do garnka. Dolewamy wod\u0119 i doprowadzamy do wrzenia. Przez 5-10 minut gotujemy \u017curawin\u0119 na \u015brednim ogniu pod przykryciem do momentu a\u017c przestanie strzela\u0107. Lask\u0119 wanilii przecinamy wzd\u0142u\u017c i ostrzem no\u017ca wyd\u0142ubujemy mi\u0105\u017csz, kt\u00f3ry nast\u0119pnie dodajemy do \u017curawiny. Do \u017curawiny wrzucamy te\u017c sam\u0105 lask\u0119. Nast\u0119pnie gotujemy ca\u0142o\u015b\u0107 na wolnym ogniu do zredukowania wody. Na sam koniec dodajemy mi\u00f3d, dok\u0142adnie mieszamy i przesma\u017camy jeszcze przez 2-3 minuty.<\/p>\n<p><a href=\"https:\/\/kuchniokracja.hanami.pl\/wp-content\/uploads\/2013\/11\/zurawina.jpg\"><img loading=\"lazy\" decoding=\"async\" class=\"aligncenter size-full wp-image-4528\" itemprop=\"image\" alt=\"\u017burawina z miodem i wanili\u0105, Fot. Hanami\u00ae\" src=\"https:\/\/kuchniokracja.hanami.pl\/wp-content\/uploads\/2013\/11\/zurawina.jpg\" width=\"550\" height=\"382\" srcset=\"https:\/\/kuchniokracja.hanami.pl\/wp-content\/uploads\/2013\/11\/zurawina.jpg 550w, https:\/\/kuchniokracja.hanami.pl\/wp-content\/uploads\/2013\/11\/zurawina-300x208.jpg 300w\" sizes=\"auto, (max-width: 550px) 100vw, 550px\" \/><\/a><\/p>\n<\/div>\n","protected":false},"excerpt":{"rendered":"<p>\u017burawina to cudowny dodatek do da\u0144, w szczeg\u00f3lno\u015bci jesienno-zimowych. Zapiekane sery, mi\u0119sa, tosty, a nawet desery nabieraj\u0105 dzi\u0119ki niej swoistego charakteru. Oczywi\u015bcie najlepiej smakuje samodzielnie przygotowana, dopasowana do naszego indywidualnego gustu. Wyj\u0105tkowo polecam kwa\u015bno-miodow\u0105 konfitur\u0119 pachn\u0105c\u0105 wanili\u0105. \u017burawina z miodem i wanili\u0105\u00a0 &#8211; przepis: 500 g \u017curawiny laska wanilii 150 ml wody 6-10 \u0142y\u017cek miodu&#8230;<\/p>\n","protected":false},"author":2,"featured_media":0,"comment_status":"open","ping_status":"open","sticky":false,"template":"","format":"standard","meta":{"footnotes":""},"categories":[64],"tags":[1074,69,255,392,420,234],"class_list":["post-4527","post","type-post","status-publish","format-standard","hentry","category-kuchnia-fusion","tag-konfitura","tag-kuchnia-fusion-2","tag-miod","tag-przepis","tag-wanilia","tag-zurawina"],"_links":{"self":[{"href":"https:\/\/kuchniokracja.hanami.pl\/index.php\/wp-json\/wp\/v2\/posts\/4527","targetHints":{"allow":["GET"]}}],"collection":[{"href":"https:\/\/kuchniokracja.hanami.pl\/index.php\/wp-json\/wp\/v2\/posts"}],"about":[{"href":"https:\/\/kuchniokracja.hanami.pl\/index.php\/wp-json\/wp\/v2\/types\/post"}],"author":[{"embeddable":true,"href":"https:\/\/kuchniokracja.hanami.pl\/index.php\/wp-json\/wp\/v2\/users\/2"}],"replies":[{"embeddable":true,"href":"https:\/\/kuchniokracja.hanami.pl\/index.php\/wp-json\/wp\/v2\/comments?post=4527"}],"version-history":[{"count":1,"href":"https:\/\/kuchniokracja.hanami.pl\/index.php\/wp-json\/wp\/v2\/posts\/4527\/revisions"}],"predecessor-version":[{"id":4529,"href":"https:\/\/kuchniokracja.hanami.pl\/index.php\/wp-json\/wp\/v2\/posts\/4527\/revisions\/4529"}],"wp:attachment":[{"href":"https:\/\/kuchniokracja.hanami.pl\/index.php\/wp-json\/wp\/v2\/media?parent=4527"}],"wp:term":[{"taxonomy":"category","embeddable":true,"href":"https:\/\/kuchniokracja.hanami.pl\/index.php\/wp-json\/wp\/v2\/categories?post=4527"},{"taxonomy":"post_tag","embeddable":true,"href":"https:\/\/kuchniokracja.hanami.pl\/index.php\/wp-json\/wp\/v2\/tags?post=4527"}],"curies":[{"name":"wp","href":"https:\/\/api.w.org\/{rel}","templated":true}]}}