{"id":4769,"date":"2013-12-21T20:44:11","date_gmt":"2013-12-21T19:44:11","guid":{"rendered":"http:\/\/www.kuchniokracja.hanami.pl\/?p=4769"},"modified":"2013-12-21T20:44:11","modified_gmt":"2013-12-21T19:44:11","slug":"spoznione-urodziny","status":"publish","type":"post","link":"https:\/\/kuchniokracja.hanami.pl\/index.php\/spoznione-urodziny\/","title":{"rendered":"Sp\u00f3\u017anione urodziny"},"content":{"rendered":"<p style=\"text-align: justify;\">18 grudnia <strong>Kuchniokracja<\/strong> obchodzi\u0142a drugie urodziny. W nat\u0142oku pracy, a tak\u017ce szale\u0144stwa zwi\u0105zanego z trzema nominacjami do\u00a0<strong>Gourmand World Cookbook Awards <\/strong>zupe\u0142nie o tym zapomnia\u0142am. Dzi\u0119kuj\u0119 wszystkim za gratulacje, ciep\u0142e s\u0142owa, odwiedzanie mojego bloga i wsp\u00f3lne gotowanie. Mam nadziej\u0119, \u017ce czeka nas razem jeszcze wiele kulinarnych przyg\u00f3d.<\/p>\n<p style=\"text-align: justify;\">Przed \u015bwi\u0119tami\u00a0<span style=\"line-height: 1.5;\">na pewno pojawi si\u0119\u00a0<\/span><span style=\"line-height: 1.5;\">\u00a0jeszcze \u00a0przepis na pierniczki dla sp\u00f3\u017anialskich. Dzi\u015b\u00a0<\/span><span style=\"line-height: 1.5;\">wreszcie b\u0119d\u0119 mia\u0142a chwil\u0119, aby przy kubku ciep\u0142ej herbaty, w domu pachn\u0105cym choink\u0105 poprzegl\u0105da\u0107 blogi kulinarne (ostatnio nawet na to nie mia\u0142am czasu).<\/span><\/p>\n<p style=\"text-align: justify;\"><a href=\"https:\/\/kuchniokracja.hanami.pl\/wp-content\/uploads\/2013\/12\/choinka.jpg\"><img loading=\"lazy\" decoding=\"async\" class=\"aligncenter size-full wp-image-4770\" alt=\"Choinka, Fot. Hanami\u00ae\" src=\"https:\/\/kuchniokracja.hanami.pl\/wp-content\/uploads\/2013\/12\/choinka.jpg\" width=\"500\" height=\"750\" srcset=\"https:\/\/kuchniokracja.hanami.pl\/wp-content\/uploads\/2013\/12\/choinka.jpg 500w, https:\/\/kuchniokracja.hanami.pl\/wp-content\/uploads\/2013\/12\/choinka-200x300.jpg 200w\" sizes=\"auto, (max-width: 500px) 100vw, 500px\" \/><\/a><\/p>\n<p style=\"text-align: justify;\">\n","protected":false},"excerpt":{"rendered":"<p>18 grudnia Kuchniokracja obchodzi\u0142a drugie urodziny. W nat\u0142oku pracy, a tak\u017ce szale\u0144stwa zwi\u0105zanego z trzema nominacjami do\u00a0Gourmand World Cookbook Awards zupe\u0142nie o tym zapomnia\u0142am. Dzi\u0119kuj\u0119 wszystkim za gratulacje, ciep\u0142e s\u0142owa, odwiedzanie mojego bloga i wsp\u00f3lne gotowanie. Mam nadziej\u0119, \u017ce czeka nas razem jeszcze wiele kulinarnych przyg\u00f3d. Przed \u015bwi\u0119tami\u00a0na pewno pojawi si\u0119\u00a0\u00a0jeszcze \u00a0przepis na pierniczki dla&#8230;<\/p>\n","protected":false},"author":2,"featured_media":0,"comment_status":"open","ping_status":"open","sticky":false,"template":"","format":"standard","meta":{"footnotes":""},"categories":[282],"tags":[1332,1334,1333],"class_list":["post-4769","post","type-post","status-publish","format-standard","hentry","category-podroze-kulinarne","tag-gourmand-world-cookbook-awards","tag-kuchniokracja","tag-urodziny"],"_links":{"self":[{"href":"https:\/\/kuchniokracja.hanami.pl\/index.php\/wp-json\/wp\/v2\/posts\/4769","targetHints":{"allow":["GET"]}}],"collection":[{"href":"https:\/\/kuchniokracja.hanami.pl\/index.php\/wp-json\/wp\/v2\/posts"}],"about":[{"href":"https:\/\/kuchniokracja.hanami.pl\/index.php\/wp-json\/wp\/v2\/types\/post"}],"author":[{"embeddable":true,"href":"https:\/\/kuchniokracja.hanami.pl\/index.php\/wp-json\/wp\/v2\/users\/2"}],"replies":[{"embeddable":true,"href":"https:\/\/kuchniokracja.hanami.pl\/index.php\/wp-json\/wp\/v2\/comments?post=4769"}],"version-history":[{"count":1,"href":"https:\/\/kuchniokracja.hanami.pl\/index.php\/wp-json\/wp\/v2\/posts\/4769\/revisions"}],"predecessor-version":[{"id":4771,"href":"https:\/\/kuchniokracja.hanami.pl\/index.php\/wp-json\/wp\/v2\/posts\/4769\/revisions\/4771"}],"wp:attachment":[{"href":"https:\/\/kuchniokracja.hanami.pl\/index.php\/wp-json\/wp\/v2\/media?parent=4769"}],"wp:term":[{"taxonomy":"category","embeddable":true,"href":"https:\/\/kuchniokracja.hanami.pl\/index.php\/wp-json\/wp\/v2\/categories?post=4769"},{"taxonomy":"post_tag","embeddable":true,"href":"https:\/\/kuchniokracja.hanami.pl\/index.php\/wp-json\/wp\/v2\/tags?post=4769"}],"curies":[{"name":"wp","href":"https:\/\/api.w.org\/{rel}","templated":true}]}}