{"id":4829,"date":"2014-01-11T08:35:32","date_gmt":"2014-01-11T07:35:32","guid":{"rendered":"http:\/\/www.kuchniokracja.hanami.pl\/?p=4829"},"modified":"2014-01-07T23:50:52","modified_gmt":"2014-01-07T22:50:52","slug":"zapiekany-makaron-somen-z-pieczona-kaczka","status":"publish","type":"post","link":"https:\/\/kuchniokracja.hanami.pl\/index.php\/zapiekany-makaron-somen-z-pieczona-kaczka\/","title":{"rendered":"Zapiekany makaron s\u014dmen z pieczon\u0105 kaczk\u0105"},"content":{"rendered":"<div itemscopeitemtype=\"http:\/\/schema.org\/Recipe\" style=\"text-align: justify;\">\n<p style=\"text-align: justify;\">Nic tak nie dodaje energii rano, jak kubek dobrej kawy z mlekiem i pyszne \u015bniadanie. Zim\u0105 najbardziej lubi\u0119 te na ciep\u0142o. Oto szybki i \u0142atwy pomys\u0142 na wykorzystanie mi\u0119sa oraz makaronu z dnia wcze\u015bniejszego.<\/p>\n<h2 style=\"font-size: 16px; text-align: justify;\"><strong> <span itemprop=\"name\">Zapiekany makaron <em>s\u014dmen<\/em> z pieczon\u0105 kaczk\u0105 <\/span> &#8211; przepis:<\/strong><\/h2>\n<p style=\"text-align: justify;\"><strong> <span itemprop=\"ingredients\">120 g pieczonej kaczki<\/span><\/strong><br \/>\n<strong> <span itemprop=\"ingredients\">150 g bulionu warzywnego<\/span><\/strong><br \/>\n<strong> <span itemprop=\"ingredients\">80-100 g ugotowanego makaronu <em>s\u014dmen<\/em><\/span><\/strong><br \/>\n<strong> <span itemprop=\"ingredients\">2 jajka<\/span><\/strong><br \/>\n<strong> <span itemprop=\"ingredients\">2 \u0142y\u017cki sosu sojowego<\/span><\/strong><\/p>\n<p itemprop=\"recipeInstructions\" style=\"text-align: justify;\">W foremkach uk\u0142adamy najpierw plastry kaczki, a nast\u0119pnie makaron. Do ka\u017cdej foremki wlewamy troch\u0119 bulionu. Do miski wbijamy jajka, dodajemy sos sojowy i mieszamy. Wymieszane jajka rozlewamy do foremek. Foremki wstawiamy na 25-30 minut do piekarnika rozgrzanego do 190 stopni.<\/p>\n<p><a href=\"https:\/\/kuchniokracja.hanami.pl\/wp-content\/uploads\/2014\/01\/makaron_kaczka_jajko.jpg\"><img loading=\"lazy\" decoding=\"async\" class=\"aligncenter size-full wp-image-4832\" itemprop=\"image\" alt=\"Zapiekany makaron s\u014dmen z pieczon\u0105 kaczk\u0105, Fot. Hanami\u00ae\" src=\"https:\/\/kuchniokracja.hanami.pl\/wp-content\/uploads\/2014\/01\/makaron_kaczka_jajko.jpg\" width=\"550\" height=\"367\" srcset=\"https:\/\/kuchniokracja.hanami.pl\/wp-content\/uploads\/2014\/01\/makaron_kaczka_jajko.jpg 550w, https:\/\/kuchniokracja.hanami.pl\/wp-content\/uploads\/2014\/01\/makaron_kaczka_jajko-300x200.jpg 300w\" sizes=\"auto, (max-width: 550px) 100vw, 550px\" \/><\/a><\/p>\n<\/div>\n","protected":false},"excerpt":{"rendered":"<p>Nic tak nie dodaje energii rano, jak kubek dobrej kawy z mlekiem i pyszne \u015bniadanie. Zim\u0105 najbardziej lubi\u0119 te na ciep\u0142o. Oto szybki i \u0142atwy pomys\u0142 na wykorzystanie mi\u0119sa oraz makaronu z dnia wcze\u015bniejszego. Zapiekany makaron s\u014dmen z pieczon\u0105 kaczk\u0105 &#8211; przepis: 120 g pieczonej kaczki 150 g bulionu warzywnego 80-100 g ugotowanego makaronu s\u014dmen&#8230;<\/p>\n","protected":false},"author":2,"featured_media":0,"comment_status":"open","ping_status":"open","sticky":false,"template":"","format":"standard","meta":{"footnotes":""},"categories":[64],"tags":[1215,1354,1358,69,237,12,1112,133],"class_list":["post-4829","post","type-post","status-publish","format-standard","hentry","category-kuchnia-fusion","tag-bulion","tag-kaczka","tag-kaczka-pieczona","tag-kuchnia-fusion-2","tag-makaron","tag-przepisy-2","tag-somen","tag-sos-sojowy"],"_links":{"self":[{"href":"https:\/\/kuchniokracja.hanami.pl\/index.php\/wp-json\/wp\/v2\/posts\/4829","targetHints":{"allow":["GET"]}}],"collection":[{"href":"https:\/\/kuchniokracja.hanami.pl\/index.php\/wp-json\/wp\/v2\/posts"}],"about":[{"href":"https:\/\/kuchniokracja.hanami.pl\/index.php\/wp-json\/wp\/v2\/types\/post"}],"author":[{"embeddable":true,"href":"https:\/\/kuchniokracja.hanami.pl\/index.php\/wp-json\/wp\/v2\/users\/2"}],"replies":[{"embeddable":true,"href":"https:\/\/kuchniokracja.hanami.pl\/index.php\/wp-json\/wp\/v2\/comments?post=4829"}],"version-history":[{"count":1,"href":"https:\/\/kuchniokracja.hanami.pl\/index.php\/wp-json\/wp\/v2\/posts\/4829\/revisions"}],"predecessor-version":[{"id":4833,"href":"https:\/\/kuchniokracja.hanami.pl\/index.php\/wp-json\/wp\/v2\/posts\/4829\/revisions\/4833"}],"wp:attachment":[{"href":"https:\/\/kuchniokracja.hanami.pl\/index.php\/wp-json\/wp\/v2\/media?parent=4829"}],"wp:term":[{"taxonomy":"category","embeddable":true,"href":"https:\/\/kuchniokracja.hanami.pl\/index.php\/wp-json\/wp\/v2\/categories?post=4829"},{"taxonomy":"post_tag","embeddable":true,"href":"https:\/\/kuchniokracja.hanami.pl\/index.php\/wp-json\/wp\/v2\/tags?post=4829"}],"curies":[{"name":"wp","href":"https:\/\/api.w.org\/{rel}","templated":true}]}}