{"id":4922,"date":"2014-02-04T07:58:41","date_gmt":"2014-02-04T06:58:41","guid":{"rendered":"http:\/\/www.kuchniokracja.hanami.pl\/?p=4922"},"modified":"2014-02-04T07:58:41","modified_gmt":"2014-02-04T06:58:41","slug":"makaron-z-kurczakiem-i-szynka-sezonowana-w-bialym-sosie","status":"publish","type":"post","link":"https:\/\/kuchniokracja.hanami.pl\/index.php\/makaron-z-kurczakiem-i-szynka-sezonowana-w-bialym-sosie\/","title":{"rendered":"Makaron z kurczakiem i szynk\u0105 sezonowan\u0105 w bia\u0142ym sosie"},"content":{"rendered":"<div itemscope itemtype=\"http:\/\/schema.org\/Recipe\" style=\"text-align: justify;\">\n<p style=\"text-align: justify;\">Co najmniej raz w tygodniu na obiad mam jakie\u015b danie z <strong>makaronem<\/strong>. Ze wzgl\u0119du na aspekt praktyczny pasty przypadaj\u0105 na te dni, w kt\u00f3rych mam wi\u0119cej pracy. Dzi\u015b zapraszam na zimowy <strong>makaron<\/strong> z kurczakiem i szynk\u0105 sezonowan\u0105.<\/p>\n<h2 style=\"font-size: 16px; text-align: justify;\"><strong><span itemprop=\"name\">Makaron z kurczakiem i szynk\u0105 sezonowan\u0105 w bia\u0142ym sosie<\/span> &#8211; przepis:<\/strong><\/h2>\n<p><strong><span itemprop=\"ingredients\"> 200 g makaronu <\/span><\/strong><br \/>\n<strong><span itemprop=\"ingredients\"> 400 g piersi z kurczaka<\/span> <\/strong><br \/>\n<strong><span itemprop=\"ingredients\"> 200 g <em>mascarpone<\/em><\/span> <\/strong><br \/>\n<strong><span itemprop=\"ingredients\"> 2 cebule<\/span><\/strong><br \/>\n<strong><span itemprop=\"ingredients\"> 3 z\u0105bki czosnku<\/span><\/strong><br \/>\n<strong><span itemprop=\"ingredients\"> plasterki szynki sezonowanej<\/span> <\/strong><br \/>\n<strong><span itemprop=\"ingredients\"> starty ser<\/span><\/strong><br \/>\n<strong><span itemprop=\"ingredients\"> s\u00f3l, pieprz, estragon, bazylia<\/span><\/strong><\/p>\n<p itemprop=\"recipeInstructions\" style=\"text-align: justify;\">Na rozgrzan\u0105 patelni\u0119 wrzucamy pokrojonego w kostk\u0119 kurczaka i podsma\u017camy 3-4 minuty. Dodajemy posiekan\u0105 cebul\u0119, czosnek i sma\u017cymy kolejne 4-5 minut. Nast\u0119pnie dodajemy <em>mascarpone<\/em> oraz przyprawy. Dok\u0142adnie mieszamy i dusimy ca\u0142o\u015b\u0107 na \u015brednim ogniu przez 6-8 minut. W mi\u0119dzyczasie gotujemy makaron. Sos \u0142\u0105czymy z makaronem. Po na\u0142o\u017ceniu pasty na wierzchu ka\u017cdej porcji uk\u0142adamy plaster szynki sezonowanej. Danie posypujemy te\u017c startym serem i natk\u0105 pietruszki lub \u015bwie\u017cymi zio\u0142ami.<\/p>\n<p><a href=\"https:\/\/kuchniokracja.hanami.pl\/wp-content\/uploads\/2014\/02\/makaron_mascarpone_kurczak_szynka.jpg\"><img loading=\"lazy\" decoding=\"async\" class=\"aligncenter size-full wp-image-4923\" itemprop=\"image\" alt=\"Makaron z kurczakiem i szynk\u0105 sezonowan\u0105 w bia\u0142ym sosie, Fot. Hanami\u00ae\" src=\"https:\/\/kuchniokracja.hanami.pl\/wp-content\/uploads\/2014\/02\/makaron_mascarpone_kurczak_szynka.jpg\" width=\"550\" height=\"368\" srcset=\"https:\/\/kuchniokracja.hanami.pl\/wp-content\/uploads\/2014\/02\/makaron_mascarpone_kurczak_szynka.jpg 550w, https:\/\/kuchniokracja.hanami.pl\/wp-content\/uploads\/2014\/02\/makaron_mascarpone_kurczak_szynka-300x200.jpg 300w\" sizes=\"auto, (max-width: 550px) 100vw, 550px\" \/><\/a><\/p>\n<\/div>\n","protected":false},"excerpt":{"rendered":"<p>Co najmniej raz w tygodniu na obiad mam jakie\u015b danie z makaronem. Ze wzgl\u0119du na aspekt praktyczny pasty przypadaj\u0105 na te dni, w kt\u00f3rych mam wi\u0119cej pracy. Dzi\u015b zapraszam na zimowy makaron z kurczakiem i szynk\u0105 sezonowan\u0105. Makaron z kurczakiem i szynk\u0105 sezonowan\u0105 w bia\u0142ym sosie &#8211; przepis: 200 g makaronu 400 g piersi z&#8230;<\/p>\n","protected":false},"author":2,"featured_media":0,"comment_status":"open","ping_status":"open","sticky":false,"template":"","format":"standard","meta":{"footnotes":""},"categories":[64],"tags":[69,237,75,227,295,1258],"class_list":["post-4922","post","type-post","status-publish","format-standard","hentry","category-kuchnia-fusion","tag-kuchnia-fusion-2","tag-makaron","tag-mascarpone","tag-pasta","tag-ser","tag-szynka-sezonowana"],"_links":{"self":[{"href":"https:\/\/kuchniokracja.hanami.pl\/index.php\/wp-json\/wp\/v2\/posts\/4922","targetHints":{"allow":["GET"]}}],"collection":[{"href":"https:\/\/kuchniokracja.hanami.pl\/index.php\/wp-json\/wp\/v2\/posts"}],"about":[{"href":"https:\/\/kuchniokracja.hanami.pl\/index.php\/wp-json\/wp\/v2\/types\/post"}],"author":[{"embeddable":true,"href":"https:\/\/kuchniokracja.hanami.pl\/index.php\/wp-json\/wp\/v2\/users\/2"}],"replies":[{"embeddable":true,"href":"https:\/\/kuchniokracja.hanami.pl\/index.php\/wp-json\/wp\/v2\/comments?post=4922"}],"version-history":[{"count":2,"href":"https:\/\/kuchniokracja.hanami.pl\/index.php\/wp-json\/wp\/v2\/posts\/4922\/revisions"}],"predecessor-version":[{"id":4930,"href":"https:\/\/kuchniokracja.hanami.pl\/index.php\/wp-json\/wp\/v2\/posts\/4922\/revisions\/4930"}],"wp:attachment":[{"href":"https:\/\/kuchniokracja.hanami.pl\/index.php\/wp-json\/wp\/v2\/media?parent=4922"}],"wp:term":[{"taxonomy":"category","embeddable":true,"href":"https:\/\/kuchniokracja.hanami.pl\/index.php\/wp-json\/wp\/v2\/categories?post=4922"},{"taxonomy":"post_tag","embeddable":true,"href":"https:\/\/kuchniokracja.hanami.pl\/index.php\/wp-json\/wp\/v2\/tags?post=4922"}],"curies":[{"name":"wp","href":"https:\/\/api.w.org\/{rel}","templated":true}]}}