{"id":4960,"date":"2014-02-19T08:08:46","date_gmt":"2014-02-19T07:08:46","guid":{"rendered":"http:\/\/www.kuchniokracja.hanami.pl\/?p=4960"},"modified":"2014-02-19T08:08:46","modified_gmt":"2014-02-19T07:08:46","slug":"kurczak-z-kurkuma","status":"publish","type":"post","link":"https:\/\/kuchniokracja.hanami.pl\/index.php\/kurczak-z-kurkuma\/","title":{"rendered":"Kurczak z kurkum\u0105"},"content":{"rendered":"<div itemscope itemtype=\"http:\/\/schema.org\/Recipe\" style=\"text-align: justify;\">\n<p style=\"text-align: justify;\">Ta potrawa mo\u017ce by\u0107 podana jako przystawka. Serwuj\u0105c kurczaka z ziemniakami, kasz\u0105 czy warzywnym pur\u00e9e otrzymamy za\u015b pe\u0142ne danie obiadowe.<\/p>\n<h2 style=\"font-size: 16px; text-align: justify;\"><strong><span itemprop=\"name\">Kurczak z kurkum\u0105 <\/span> &#8211; przepis:<\/strong><\/h2>\n<p><strong> <span itemprop=\"ingredients\">500 g piersi z kurczaka<\/span><\/strong><br \/>\n<strong> <span itemprop=\"ingredients\">2 du\u017ce cebule<\/span><\/strong><br \/>\n<strong> <span itemprop=\"ingredients\">3 z\u0105bki czosnki<\/span><\/strong><br \/>\n<strong> <span itemprop=\"ingredients\">1-2 \u0142y\u017ceczki kurkumy<\/span><\/strong><\/p>\n<p><strong> <span itemprop=\"ingredients\">s\u00f3l, pieprz, tymianek, natka pietruszki<\/span><\/strong><\/p>\n<p itemprop=\"recipeInstructions\" style=\"text-align: justify;\">Kurczaka kroimy w kostk\u0119. Mi\u0119so wrzucamy na rozgrzan\u0105 patelni\u0119. Podsma\u017camy oko\u0142o 3 minuty. Dodajemy posiekan\u0105 cebul\u0119 i czosnek. Sma\u017cy kilka minut. 2 minuty przed zdj\u0119ciem mi\u0119sa z patelni przyprawiamy je i dok\u0142adnie mieszamy. Kurczaka podajemy przybranego natk\u0105 pietruszki.<\/p>\n<p><a href=\"https:\/\/kuchniokracja.hanami.pl\/wp-content\/uploads\/2014\/02\/kurczak_kurkuma.jpg\"><img loading=\"lazy\" decoding=\"async\" class=\"aligncenter size-full wp-image-4961\" itemprop=\"image\" alt=\"Kurczak z kurkum\u0105,  Fot. Hanami\u00ae\" src=\"https:\/\/kuchniokracja.hanami.pl\/wp-content\/uploads\/2014\/02\/kurczak_kurkuma.jpg\" width=\"550\" height=\"367\" srcset=\"https:\/\/kuchniokracja.hanami.pl\/wp-content\/uploads\/2014\/02\/kurczak_kurkuma.jpg 550w, https:\/\/kuchniokracja.hanami.pl\/wp-content\/uploads\/2014\/02\/kurczak_kurkuma-300x200.jpg 300w\" sizes=\"auto, (max-width: 550px) 100vw, 550px\" \/><\/a><\/p>\n<\/div>\n","protected":false},"excerpt":{"rendered":"<p>Ta potrawa mo\u017ce by\u0107 podana jako przystawka. Serwuj\u0105c kurczaka z ziemniakami, kasz\u0105 czy warzywnym pur\u00e9e otrzymamy za\u015b pe\u0142ne danie obiadowe. Kurczak z kurkum\u0105 &#8211; przepis: 500 g piersi z kurczaka 2 du\u017ce cebule 3 z\u0105bki czosnki 1-2 \u0142y\u017ceczki kurkumy s\u00f3l, pieprz, tymianek, natka pietruszki Kurczaka kroimy w kostk\u0119. Mi\u0119so wrzucamy na rozgrzan\u0105 patelni\u0119. Podsma\u017camy oko\u0142o&#8230;<\/p>\n","protected":false},"author":2,"featured_media":0,"comment_status":"open","ping_status":"open","sticky":false,"template":"","format":"standard","meta":{"footnotes":""},"categories":[64],"tags":[594,790,69,50,680,12,96],"class_list":["post-4960","post","type-post","status-publish","format-standard","hentry","category-kuchnia-fusion","tag-cebula","tag-czosnek","tag-kuchnia-fusion-2","tag-kurczak","tag-kurkuma","tag-przepisy-2","tag-puree"],"_links":{"self":[{"href":"https:\/\/kuchniokracja.hanami.pl\/index.php\/wp-json\/wp\/v2\/posts\/4960","targetHints":{"allow":["GET"]}}],"collection":[{"href":"https:\/\/kuchniokracja.hanami.pl\/index.php\/wp-json\/wp\/v2\/posts"}],"about":[{"href":"https:\/\/kuchniokracja.hanami.pl\/index.php\/wp-json\/wp\/v2\/types\/post"}],"author":[{"embeddable":true,"href":"https:\/\/kuchniokracja.hanami.pl\/index.php\/wp-json\/wp\/v2\/users\/2"}],"replies":[{"embeddable":true,"href":"https:\/\/kuchniokracja.hanami.pl\/index.php\/wp-json\/wp\/v2\/comments?post=4960"}],"version-history":[{"count":1,"href":"https:\/\/kuchniokracja.hanami.pl\/index.php\/wp-json\/wp\/v2\/posts\/4960\/revisions"}],"predecessor-version":[{"id":4962,"href":"https:\/\/kuchniokracja.hanami.pl\/index.php\/wp-json\/wp\/v2\/posts\/4960\/revisions\/4962"}],"wp:attachment":[{"href":"https:\/\/kuchniokracja.hanami.pl\/index.php\/wp-json\/wp\/v2\/media?parent=4960"}],"wp:term":[{"taxonomy":"category","embeddable":true,"href":"https:\/\/kuchniokracja.hanami.pl\/index.php\/wp-json\/wp\/v2\/categories?post=4960"},{"taxonomy":"post_tag","embeddable":true,"href":"https:\/\/kuchniokracja.hanami.pl\/index.php\/wp-json\/wp\/v2\/tags?post=4960"}],"curies":[{"name":"wp","href":"https:\/\/api.w.org\/{rel}","templated":true}]}}