{"id":4977,"date":"2014-02-24T09:57:41","date_gmt":"2014-02-24T08:57:41","guid":{"rendered":"http:\/\/www.kuchniokracja.hanami.pl\/?p=4977"},"modified":"2014-02-25T20:04:42","modified_gmt":"2014-02-25T19:04:42","slug":"salatka-tunczyk-suszone-pomidory-awokado","status":"publish","type":"post","link":"https:\/\/kuchniokracja.hanami.pl\/index.php\/salatka-tunczyk-suszone-pomidory-awokado\/","title":{"rendered":"Sa\u0142atka tu\u0144czyk, suszone pomidory, awokado"},"content":{"rendered":"<div itemscope itemtype=\"http:\/\/schema.org\/Recipe\" style=\"text-align: justify;\">\n<p style=\"text-align: justify;\">Dobra tre\u015bciwa <strong>sa\u0142atka<\/strong> jest idealna na \u015bniadanie, obiad czy kolacj\u0119. Dlatego te\u017c na pocz\u0105tek tygodnia proponuj\u0119 maria\u017c tu\u0144czyka z awokado, suszonymi pomidorami oraz cebul\u0105.<\/p>\n<h2 style=\"font-size: 16px; text-align: justify;\"><strong><span itemprop=\"name\"><em>Sa\u0142atka tu\u0144czyk, suszone pomidory, awokado<\/em><\/span> &#8211; przepis:<\/strong><\/h2>\n<p><strong><span itemprop=\"ingredients\"> 160 g tu\u0144czyka z puszki w oliwie<\/span> <\/strong><br \/>\n<strong><span itemprop=\"ingredients\"> 1 awokado<\/span><\/strong><br \/>\n<strong><span itemprop=\"ingredients\"> 7-8 po\u0142\u00f3wek suszonych pomidor\u00f3w <\/span><\/strong><br \/>\n<strong><span itemprop=\"ingredients\"> p\u00f3\u0142 ma\u0142ej cebuli<\/span><\/strong><br \/>\n<strong><span itemprop=\"ingredients\"> tymianek, pieprz czarny, natka pietruszki, s\u00f3l<\/span><\/strong><\/p>\n<p itemprop=\"recipeInstructions\" style=\"text-align: justify;\">Tu\u0144czyka wrzucamy do miseczki, przyprawiamy sol\u0105, tymiankiem i pieprzem. Dodajemy drobno pokrojon\u0105 cebul\u0119 i suszone pomidory (2 po\u0142\u00f3wki zostawiamy do przybrania). Ca\u0142o\u015b\u0107 dok\u0142adnie mieszamy. Obr\u0119cz cukiernicz\u0105 o \u015brednicy 4-6 cm umieszczamy na talerzu nak\u0142adamy sa\u0142atk\u0119. Na wierzchu uk\u0142adamy plasterki awokado. Ozdabiamy paskami suszonych pomidor\u00f3w oraz natk\u0105 pietruszki. Sa\u0142at\u0119 podajemy z grzankami albo \u015bwie\u017c bagietk\u0105.<\/p>\n<p><a href=\"https:\/\/kuchniokracja.hanami.pl\/wp-content\/uploads\/2014\/02\/salataka_tunczyk_awokado.jpg\"><img loading=\"lazy\" decoding=\"async\" class=\"aligncenter size-full wp-image-4979\" itemprop=\"image\" alt=\"Sa\u0142atka tu\u0144czyk, suszone pomidory, awokado, Fot. Hanami\u00ae\" src=\"https:\/\/kuchniokracja.hanami.pl\/wp-content\/uploads\/2014\/02\/salataka_tunczyk_awokado.jpg\" width=\"550\" height=\"367\" srcset=\"https:\/\/kuchniokracja.hanami.pl\/wp-content\/uploads\/2014\/02\/salataka_tunczyk_awokado.jpg 550w, https:\/\/kuchniokracja.hanami.pl\/wp-content\/uploads\/2014\/02\/salataka_tunczyk_awokado-300x200.jpg 300w\" sizes=\"auto, (max-width: 550px) 100vw, 550px\" \/><\/a><\/p>\n<\/div>\n","protected":false},"excerpt":{"rendered":"<p>Dobra tre\u015bciwa sa\u0142atka jest idealna na \u015bniadanie, obiad czy kolacj\u0119. Dlatego te\u017c na pocz\u0105tek tygodnia proponuj\u0119 maria\u017c tu\u0144czyka z awokado, suszonymi pomidorami oraz cebul\u0105. Sa\u0142atka tu\u0144czyk, suszone pomidory, awokado &#8211; przepis: 160 g tu\u0144czyka z puszki w oliwie 1 awokado 7-8 po\u0142\u00f3wek suszonych pomidor\u00f3w p\u00f3\u0142 ma\u0142ej cebuli tymianek, pieprz czarny, natka pietruszki, s\u00f3l Tu\u0144czyka wrzucamy&#8230;<\/p>\n","protected":false},"author":2,"featured_media":0,"comment_status":"open","ping_status":"open","sticky":false,"template":"","format":"standard","meta":{"footnotes":""},"categories":[64],"tags":[594,69,12,230,821,318],"class_list":["post-4977","post","type-post","status-publish","format-standard","hentry","category-kuchnia-fusion","tag-cebula","tag-kuchnia-fusion-2","tag-przepisy-2","tag-salatka","tag-suszone-pomidory","tag-tunczyk"],"_links":{"self":[{"href":"https:\/\/kuchniokracja.hanami.pl\/index.php\/wp-json\/wp\/v2\/posts\/4977","targetHints":{"allow":["GET"]}}],"collection":[{"href":"https:\/\/kuchniokracja.hanami.pl\/index.php\/wp-json\/wp\/v2\/posts"}],"about":[{"href":"https:\/\/kuchniokracja.hanami.pl\/index.php\/wp-json\/wp\/v2\/types\/post"}],"author":[{"embeddable":true,"href":"https:\/\/kuchniokracja.hanami.pl\/index.php\/wp-json\/wp\/v2\/users\/2"}],"replies":[{"embeddable":true,"href":"https:\/\/kuchniokracja.hanami.pl\/index.php\/wp-json\/wp\/v2\/comments?post=4977"}],"version-history":[{"count":3,"href":"https:\/\/kuchniokracja.hanami.pl\/index.php\/wp-json\/wp\/v2\/posts\/4977\/revisions"}],"predecessor-version":[{"id":4981,"href":"https:\/\/kuchniokracja.hanami.pl\/index.php\/wp-json\/wp\/v2\/posts\/4977\/revisions\/4981"}],"wp:attachment":[{"href":"https:\/\/kuchniokracja.hanami.pl\/index.php\/wp-json\/wp\/v2\/media?parent=4977"}],"wp:term":[{"taxonomy":"category","embeddable":true,"href":"https:\/\/kuchniokracja.hanami.pl\/index.php\/wp-json\/wp\/v2\/categories?post=4977"},{"taxonomy":"post_tag","embeddable":true,"href":"https:\/\/kuchniokracja.hanami.pl\/index.php\/wp-json\/wp\/v2\/tags?post=4977"}],"curies":[{"name":"wp","href":"https:\/\/api.w.org\/{rel}","templated":true}]}}