{"id":5265,"date":"2014-06-13T09:58:34","date_gmt":"2014-06-13T07:58:34","guid":{"rendered":"http:\/\/www.kuchniokracja.hanami.pl\/?p=5265"},"modified":"2014-06-13T09:58:34","modified_gmt":"2014-06-13T07:58:34","slug":"spotkanie-o-komiksie-kulinarnym-i-konferencja-mieso","status":"publish","type":"post","link":"https:\/\/kuchniokracja.hanami.pl\/index.php\/spotkanie-o-komiksie-kulinarnym-i-konferencja-mieso\/","title":{"rendered":"Spotkanie o komiksie kulinarnym i konferencja Mi\u0119so!"},"content":{"rendered":"<p style=\"text-align: justify;\">Je\u015bli kogo\u015b interesuje tematyka kulinarna i oko\u0142o kulinarna to zapraszam na dwa wydarzenia: spotkanie o <strong>komiksie kulinarnym<\/strong> oraz na konferencj\u0119 <strong>Mi\u0119so!<\/strong><\/p>\n<p style=\"text-align: justify;\"><strong>Jutro<\/strong>\u00a0podczas spotkania <strong>GURUME MANGA. JAPO\u0143SKI KOMIKS KULINARNY<\/strong>\u00a0w ramach Big Book Festival b\u0119d\u0119 mia\u0142a przyjemno\u015b\u0107 opowiada\u0107 o O mi\u0142o\u015bci Azjat\u00f3w do gotowania oraz jedzenia, japo\u0144skich i korea\u0144skich komiksach kulinarnych, azjatyckich serialach z gotowaniem czy kultur\u0105 kulinarn\u0105 w tle oraz dalekowschodnich smakach.<\/p>\n<p><a href=\"https:\/\/kuchniokracja.hanami.pl\/wp-content\/uploads\/2014\/06\/komiks_kulinarny.jpg\"><img loading=\"lazy\" decoding=\"async\" class=\"aligncenter size-full wp-image-5266\" alt=\"Komiks kulinarny\" src=\"https:\/\/kuchniokracja.hanami.pl\/wp-content\/uploads\/2014\/06\/komiks_kulinarny.jpg\" width=\"600\" height=\"550\" srcset=\"https:\/\/kuchniokracja.hanami.pl\/wp-content\/uploads\/2014\/06\/komiks_kulinarny.jpg 600w, https:\/\/kuchniokracja.hanami.pl\/wp-content\/uploads\/2014\/06\/komiks_kulinarny-300x275.jpg 300w\" sizes=\"auto, (max-width: 600px) 100vw, 600px\" \/><\/a><\/p>\n<p style=\"text-align: justify;\"><strong>Konferencja Mi\u0119so!<\/strong><\/p>\n<p style=\"text-align: justify;\">We wsp\u00f3\u0142czesnej debacie publicznej niejednokrotnie pojawia\u0142 si\u0119 temat mi\u0119sa. Mi\u0119so z kebaba, humanitarny ub\u00f3j, regulacje unijne dotycz\u0105ce zakazu w\u0119dzenia. Jakie znaczenie ma mi\u0119so w kulturze cz\u0142owieka? Czy mo\u017cna uwolni\u0107 my\u015blenie od powszechnego rozumienia mi\u0119sa i zg\u0142\u0119bi\u0107 jego kulturowy charakter? Instytut Kulturoznawstwa SWPS oraz Studenckie Ko\u0142o Filmowe \u201eKinematograf\u201d maj\u0105 zaszczyt zaprosi\u0107 do udzia\u0142u w Interdyscyplinarnej Konferencji Naukowej, kt\u00f3rej tematem przewodnim b\u0119dzie mi\u0119so.<\/p>\n<p style=\"text-align: justify;\">Spotkania w ramach konferencji Mi\u0119so! odb\u0119d\u0105 si\u0119 <strong>23 i 24 czerwca 2014<\/strong> r. w Szkole Wy\u017cszej Psychologii Spo\u0142ecznej w Warszawie. Wst\u0119p dla wolnych s\u0142uchaczy \u2013 bezp\u0142atny. Pe\u0142en program dost\u0119pny jest <a href=\"http:\/\/swps.pl\/warszawa\/nauka-i-rozwoj\/warszawa-nauka-i-rozwoj-konferencje-sympozja-seminaria\/11493-kulturowo-spoleczny-wymiar-miesa-konferencja-naukowa\"><strong>tu<\/strong><\/a>.<\/p>\n<p><a href=\"https:\/\/kuchniokracja.hanami.pl\/wp-content\/uploads\/2014\/06\/mieso-logotyp.jpg\"><img loading=\"lazy\" decoding=\"async\" class=\"aligncenter size-full wp-image-5267\" alt=\"Mi\u0119so!\" src=\"https:\/\/kuchniokracja.hanami.pl\/wp-content\/uploads\/2014\/06\/mieso-logotyp.jpg\" width=\"702\" height=\"275\" srcset=\"https:\/\/kuchniokracja.hanami.pl\/wp-content\/uploads\/2014\/06\/mieso-logotyp.jpg 702w, https:\/\/kuchniokracja.hanami.pl\/wp-content\/uploads\/2014\/06\/mieso-logotyp-300x117.jpg 300w\" sizes=\"auto, (max-width: 702px) 100vw, 702px\" \/><\/a><\/p>\n","protected":false},"excerpt":{"rendered":"<p>Je\u015bli kogo\u015b interesuje tematyka kulinarna i oko\u0142o kulinarna to zapraszam na dwa wydarzenia: spotkanie o komiksie kulinarnym oraz na konferencj\u0119 Mi\u0119so! Jutro\u00a0podczas spotkania GURUME MANGA. JAPO\u0143SKI KOMIKS KULINARNY\u00a0w ramach Big Book Festival b\u0119d\u0119 mia\u0142a przyjemno\u015b\u0107 opowiada\u0107 o O mi\u0142o\u015bci Azjat\u00f3w do gotowania oraz jedzenia, japo\u0144skich i korea\u0144skich komiksach kulinarnych, azjatyckich serialach z gotowaniem czy kultur\u0105&#8230;<\/p>\n","protected":false},"author":2,"featured_media":0,"comment_status":"open","ping_status":"open","sticky":false,"template":"","format":"standard","meta":{"footnotes":""},"categories":[3,282],"tags":[1470,181,184,1178,24,1437,1469,8,1471],"class_list":["post-5265","post","type-post","status-publish","format-standard","hentry","category-kultura-zywieniowa","category-podroze-kulinarne","tag-food-studies","tag-gurume-manga","tag-komiks","tag-konferencja","tag-kuchnia-japonska-2","tag-kuchnia-koreanska","tag-kultura-jedzenia","tag-kultura-zywieniowa-2","tag-mieso-komiks-kulinarny"],"_links":{"self":[{"href":"https:\/\/kuchniokracja.hanami.pl\/index.php\/wp-json\/wp\/v2\/posts\/5265","targetHints":{"allow":["GET"]}}],"collection":[{"href":"https:\/\/kuchniokracja.hanami.pl\/index.php\/wp-json\/wp\/v2\/posts"}],"about":[{"href":"https:\/\/kuchniokracja.hanami.pl\/index.php\/wp-json\/wp\/v2\/types\/post"}],"author":[{"embeddable":true,"href":"https:\/\/kuchniokracja.hanami.pl\/index.php\/wp-json\/wp\/v2\/users\/2"}],"replies":[{"embeddable":true,"href":"https:\/\/kuchniokracja.hanami.pl\/index.php\/wp-json\/wp\/v2\/comments?post=5265"}],"version-history":[{"count":1,"href":"https:\/\/kuchniokracja.hanami.pl\/index.php\/wp-json\/wp\/v2\/posts\/5265\/revisions"}],"predecessor-version":[{"id":5268,"href":"https:\/\/kuchniokracja.hanami.pl\/index.php\/wp-json\/wp\/v2\/posts\/5265\/revisions\/5268"}],"wp:attachment":[{"href":"https:\/\/kuchniokracja.hanami.pl\/index.php\/wp-json\/wp\/v2\/media?parent=5265"}],"wp:term":[{"taxonomy":"category","embeddable":true,"href":"https:\/\/kuchniokracja.hanami.pl\/index.php\/wp-json\/wp\/v2\/categories?post=5265"},{"taxonomy":"post_tag","embeddable":true,"href":"https:\/\/kuchniokracja.hanami.pl\/index.php\/wp-json\/wp\/v2\/tags?post=5265"}],"curies":[{"name":"wp","href":"https:\/\/api.w.org\/{rel}","templated":true}]}}