{"id":6034,"date":"2015-05-04T08:00:21","date_gmt":"2015-05-04T06:00:21","guid":{"rendered":"http:\/\/www.kuchniokracja.hanami.pl\/?p=6034"},"modified":"2015-04-30T22:28:44","modified_gmt":"2015-04-30T20:28:44","slug":"koreanska-kuchnia-wegetarianska-i-weganska-spotkanie","status":"publish","type":"post","link":"https:\/\/kuchniokracja.hanami.pl\/index.php\/koreanska-kuchnia-wegetarianska-i-weganska-spotkanie\/","title":{"rendered":"Korea\u0144ska kuchnia wegetaria\u0144ska i wega\u0144ska &#8211; spotkanie"},"content":{"rendered":"<p style=\"text-align: justify;\">Premiera <strong><em><a href=\"http:\/\/www.wydawnictwo.hanami.pl\/tradycje_kulinarne_korei.php\">Tradycji kulinarnych Korei<\/a><\/em><\/strong>\u00a0odby\u0142a si\u0119 ponad tydzie\u0144 temu, ale ja nie zwalniam tempa.\u00a0Zapraszam na kolejn\u0105 ods\u0142on\u0119 sztuki kulinarnej z Kraju Porannej Ciszy. Tym razem spotkanie b\u0119dzie po\u015bwi\u0119cone <strong><em>sachal eumsik <\/em><\/strong>&#8211; buddyjskiej kuchni klasztornej, kt\u00f3ra jest wegetaria\u0144ska, a cz\u0119sto te\u017c i wega\u0144ska.\u00a0O ciekawych azjatyckich przysmakach b\u0119d\u0119 opowiada\u0142a\u00a0<strong>11\u00a0maja<\/strong>\u00a0o godzinie 18:00 w Muzeum Azji i Pacyfiku\u00a0w Warszawie. <strong>Wst\u0119p wolny! <\/strong><\/p>\n<p><a href=\"https:\/\/kuchniokracja.hanami.pl\/wp-content\/uploads\/2015\/04\/spotkanie_11.jpg\"><img loading=\"lazy\" decoding=\"async\" class=\"aligncenter size-full wp-image-6035\" src=\"https:\/\/kuchniokracja.hanami.pl\/wp-content\/uploads\/2015\/04\/spotkanie_11.jpg\" alt=\" sachal eumsik, korea\u0144ska kuchnia buddyjska\" width=\"600\" height=\"366\" srcset=\"https:\/\/kuchniokracja.hanami.pl\/wp-content\/uploads\/2015\/04\/spotkanie_11.jpg 600w, https:\/\/kuchniokracja.hanami.pl\/wp-content\/uploads\/2015\/04\/spotkanie_11-300x183.jpg 300w\" sizes=\"auto, (max-width: 600px) 100vw, 600px\" \/><\/a><\/p>\n","protected":false},"excerpt":{"rendered":"<p>Premiera Tradycji kulinarnych Korei\u00a0odby\u0142a si\u0119 ponad tydzie\u0144 temu, ale ja nie zwalniam tempa.\u00a0Zapraszam na kolejn\u0105 ods\u0142on\u0119 sztuki kulinarnej z Kraju Porannej Ciszy. Tym razem spotkanie b\u0119dzie po\u015bwi\u0119cone sachal eumsik &#8211; buddyjskiej kuchni klasztornej, kt\u00f3ra jest wegetaria\u0144ska, a cz\u0119sto te\u017c i wega\u0144ska.\u00a0O ciekawych azjatyckich przysmakach b\u0119d\u0119 opowiada\u0142a\u00a011\u00a0maja\u00a0o godzinie 18:00 w Muzeum Azji i Pacyfiku\u00a0w Warszawie. Wst\u0119p&#8230;<\/p>\n","protected":false},"author":2,"featured_media":0,"comment_status":"open","ping_status":"open","sticky":false,"template":"","format":"standard","meta":{"footnotes":""},"categories":[59,1617,282],"tags":[685,1656,1437,1657,221,1530,941,1618],"class_list":["post-6034","post","type-post","status-publish","format-standard","hentry","category-ksiazki","category-kuchnia-koreanska-2","category-podroze-kulinarne","tag-ksiazka","tag-kuchnia-buddyjska","tag-kuchnia-koreanska","tag-kuchnia-weganska","tag-kuchnia-wegetarianska-2","tag-sachal-eumsik","tag-spotkanie","tag-tradycje-kulinarne-korei"],"_links":{"self":[{"href":"https:\/\/kuchniokracja.hanami.pl\/index.php\/wp-json\/wp\/v2\/posts\/6034","targetHints":{"allow":["GET"]}}],"collection":[{"href":"https:\/\/kuchniokracja.hanami.pl\/index.php\/wp-json\/wp\/v2\/posts"}],"about":[{"href":"https:\/\/kuchniokracja.hanami.pl\/index.php\/wp-json\/wp\/v2\/types\/post"}],"author":[{"embeddable":true,"href":"https:\/\/kuchniokracja.hanami.pl\/index.php\/wp-json\/wp\/v2\/users\/2"}],"replies":[{"embeddable":true,"href":"https:\/\/kuchniokracja.hanami.pl\/index.php\/wp-json\/wp\/v2\/comments?post=6034"}],"version-history":[{"count":2,"href":"https:\/\/kuchniokracja.hanami.pl\/index.php\/wp-json\/wp\/v2\/posts\/6034\/revisions"}],"predecessor-version":[{"id":6037,"href":"https:\/\/kuchniokracja.hanami.pl\/index.php\/wp-json\/wp\/v2\/posts\/6034\/revisions\/6037"}],"wp:attachment":[{"href":"https:\/\/kuchniokracja.hanami.pl\/index.php\/wp-json\/wp\/v2\/media?parent=6034"}],"wp:term":[{"taxonomy":"category","embeddable":true,"href":"https:\/\/kuchniokracja.hanami.pl\/index.php\/wp-json\/wp\/v2\/categories?post=6034"},{"taxonomy":"post_tag","embeddable":true,"href":"https:\/\/kuchniokracja.hanami.pl\/index.php\/wp-json\/wp\/v2\/tags?post=6034"}],"curies":[{"name":"wp","href":"https:\/\/api.w.org\/{rel}","templated":true}]}}