{"id":6107,"date":"2015-05-14T11:00:23","date_gmt":"2015-05-14T09:00:23","guid":{"rendered":"http:\/\/www.kuchniokracja.hanami.pl\/?p=6107"},"modified":"2015-05-13T20:17:42","modified_gmt":"2015-05-13T18:17:42","slug":"tradycje-kulinarne-korei-na-warszawskich-targach-ksiazki","status":"publish","type":"post","link":"https:\/\/kuchniokracja.hanami.pl\/index.php\/tradycje-kulinarne-korei-na-warszawskich-targach-ksiazki\/","title":{"rendered":"&#8222;Tradycje kulinarne Korei&#8221; na Warszawskich Targach Ksi\u0105\u017cki"},"content":{"rendered":"<p style=\"text-align: justify;\">Ju\u017c dzi\u015b ruszy\u0142y Warszawskie Targi Ksi\u0105\u017cki. Je\u017celi mieliby\u015bcie ochot\u0119 naby\u0107 ksi\u0105\u017ck\u0119 <em><strong><a href=\"http:\/\/www.wydawnictwo.hanami.pl\/tradycje_kulinarne_korei.php\">Tradycje kulinarne Korei<\/a><\/strong><\/em> w promocyjnej cenie i porozmawia\u0107 ze mn\u0105 to b\u0119d\u0119 na <strong>stoisku Hanami &#8211; 306\/G<\/strong> &#8211; w pi\u0105tek, sobot\u0119 (po godzinie 12:00) i w niedziel\u0119 (po godzinie 11:30). Ze wszystkimi publikacjami\u00a0wydawnictwa mo\u017cna zapozna\u0107 si\u0119 na stronie<strong>\u00a0<a href=\"http:\/\/www.wydawnictwo.hanami.pl\/\">Hanami<\/a><\/strong>.<\/p>\n<p><a href=\"https:\/\/kuchniokracja.hanami.pl\/wp-content\/uploads\/2015\/05\/tradycje_okladka.jpg\"><img loading=\"lazy\" decoding=\"async\" class=\"aligncenter size-full wp-image-6108\" src=\"https:\/\/kuchniokracja.hanami.pl\/wp-content\/uploads\/2015\/05\/tradycje_okladka.jpg\" alt=\"Tradycje kulinarne Korei, ksi\u0105\u017cka\" width=\"500\" height=\"715\" srcset=\"https:\/\/kuchniokracja.hanami.pl\/wp-content\/uploads\/2015\/05\/tradycje_okladka.jpg 500w, https:\/\/kuchniokracja.hanami.pl\/wp-content\/uploads\/2015\/05\/tradycje_okladka-209x300.jpg 209w\" sizes=\"auto, (max-width: 500px) 100vw, 500px\" \/><\/a><\/p>\n<p class=\"western\" align=\"justify\"><strong>Ksi\u0105\u017ck\u0119 polecaj\u0105:<\/strong> Biblionetka.pl, Bloger Chef, Czas Wina, Food Lab Studio, Gildia.pl. Granice.pl, Jem Radio, Kuchnia+, KUKBUK, Mistrz Bran\u017cy, Muzeum Azji i Pacyfiku, Pa\u0144stwowe Muzeum Etnograficzne w Warszawie, Smak.<\/p>\n","protected":false},"excerpt":{"rendered":"<p>Ju\u017c dzi\u015b ruszy\u0142y Warszawskie Targi Ksi\u0105\u017cki. Je\u017celi mieliby\u015bcie ochot\u0119 naby\u0107 ksi\u0105\u017ck\u0119 Tradycje kulinarne Korei w promocyjnej cenie i porozmawia\u0107 ze mn\u0105 to b\u0119d\u0119 na stoisku Hanami &#8211; 306\/G &#8211; w pi\u0105tek, sobot\u0119 (po godzinie 12:00) i w niedziel\u0119 (po godzinie 11:30). Ze wszystkimi publikacjami\u00a0wydawnictwa mo\u017cna zapozna\u0107 si\u0119 na stronie\u00a0Hanami. Ksi\u0105\u017ck\u0119 polecaj\u0105: Biblionetka.pl, Bloger Chef, Czas&#8230;<\/p>\n","protected":false},"author":2,"featured_media":0,"comment_status":"open","ping_status":"open","sticky":false,"template":"","format":"standard","meta":{"footnotes":""},"categories":[59,1617,3,282],"tags":[966,1677,1678,1618],"class_list":["post-6107","post","type-post","status-publish","format-standard","hentry","category-ksiazki","category-kuchnia-koreanska-2","category-kultura-zywieniowa","category-podroze-kulinarne","tag-ksiazki-2","tag-kuchni-koreanska","tag-targi","tag-tradycje-kulinarne-korei"],"_links":{"self":[{"href":"https:\/\/kuchniokracja.hanami.pl\/index.php\/wp-json\/wp\/v2\/posts\/6107","targetHints":{"allow":["GET"]}}],"collection":[{"href":"https:\/\/kuchniokracja.hanami.pl\/index.php\/wp-json\/wp\/v2\/posts"}],"about":[{"href":"https:\/\/kuchniokracja.hanami.pl\/index.php\/wp-json\/wp\/v2\/types\/post"}],"author":[{"embeddable":true,"href":"https:\/\/kuchniokracja.hanami.pl\/index.php\/wp-json\/wp\/v2\/users\/2"}],"replies":[{"embeddable":true,"href":"https:\/\/kuchniokracja.hanami.pl\/index.php\/wp-json\/wp\/v2\/comments?post=6107"}],"version-history":[{"count":2,"href":"https:\/\/kuchniokracja.hanami.pl\/index.php\/wp-json\/wp\/v2\/posts\/6107\/revisions"}],"predecessor-version":[{"id":6110,"href":"https:\/\/kuchniokracja.hanami.pl\/index.php\/wp-json\/wp\/v2\/posts\/6107\/revisions\/6110"}],"wp:attachment":[{"href":"https:\/\/kuchniokracja.hanami.pl\/index.php\/wp-json\/wp\/v2\/media?parent=6107"}],"wp:term":[{"taxonomy":"category","embeddable":true,"href":"https:\/\/kuchniokracja.hanami.pl\/index.php\/wp-json\/wp\/v2\/categories?post=6107"},{"taxonomy":"post_tag","embeddable":true,"href":"https:\/\/kuchniokracja.hanami.pl\/index.php\/wp-json\/wp\/v2\/tags?post=6107"}],"curies":[{"name":"wp","href":"https:\/\/api.w.org\/{rel}","templated":true}]}}