{"id":6177,"date":"2015-06-10T13:33:39","date_gmt":"2015-06-10T11:33:39","guid":{"rendered":"http:\/\/www.kuchniokracja.hanami.pl\/?p=6177"},"modified":"2015-06-10T13:33:39","modified_gmt":"2015-06-10T11:33:39","slug":"salatka-pomidory-kalarepa-czosnek-kolendra","status":"publish","type":"post","link":"https:\/\/kuchniokracja.hanami.pl\/index.php\/salatka-pomidory-kalarepa-czosnek-kolendra\/","title":{"rendered":"Sa\u0142atka pomidory, kalarepa, czosnek, kolendra"},"content":{"rendered":"<div itemscope itemtype=\"http:\/\/schema.org\/Recipe\" style=\"text-align: justify;\">\n<p style=\"text-align: justify;\">Do jedzenia<strong> sa\u0142atek<\/strong> nie trzeba mnie zach\u0119ca\u0107, zw\u0142aszcza jak pi\u0119knie pachn\u0105 \u015bwie\u017c\u0105 kolendr\u0105.<\/p>\n<h2 style=\"font-size: 16px; text-align: justify;\"><strong><span itemprop=\"name\">Sa\u0142atka szparagi, pomidory, czosnek i kolendra<\/span> &#8211; przepis:<\/strong><\/h2>\n<p><strong><span itemprop=\"ingredients\"> 1 du\u017ca kalarepa <\/em><\/span><\/strong><br \/>\n<strong><span itemprop=\"ingredients\"> 3 \u015brednie pomidory<\/em><\/span> <\/strong><br \/>\n<strong><span itemprop=\"ingredients\"> 3 z\u0105bki czosnku <\/span><\/strong><br \/>\n<strong><span itemprop=\"ingredients\"> gar\u015b\u0107 \u015bwie\u017cej kolendry <\/strong><br \/>\n<strong><span itemprop=\"ingredients\"> olej lniany <\/span><\/strong><br \/>\n<strong><span itemprop=\"ingredients\"> s\u00f3l, tymianek, szczypta kurkumy <\/strong><\/p>\n<p itemprop=\"recipeInstructions\" style=\"text-align: justify;\">Kalarep\u0119 obieramy ze sk\u00f3rki i kroimy w paski. Pomidory kroimy w kostk\u0119. Czosnek i kolendr\u0119 drobno siekamy. Czosnek, kolendr\u0119, kalarep\u0119 i pomidory wrzucamy do miski. Dodajemy olej lniany, s\u00f3l, tymianek oraz kurkum\u0119. Sa\u0142atk\u0119 podajemy z grzankami.<\/p>\n<p><a href=\"https:\/\/kuchniokracja.hanami.pl\/wp-content\/uploads\/2015\/06\/salatka-kalrepa_pomidory_kolendra.jpg\"><img loading=\"lazy\" decoding=\"async\" src=\"https:\/\/kuchniokracja.hanami.pl\/wp-content\/uploads\/2015\/06\/salatka-kalrepa_pomidory_kolendra.jpg\" itemprop=\"image\" alt=\"Sa\u0142atka pomidory, kalarepa, czosnek, kolendra, Fot. Hanami\u00ae\" width=\"550\" height=\"367\" class=\"aligncenter size-full wp-image-6178\" srcset=\"https:\/\/kuchniokracja.hanami.pl\/wp-content\/uploads\/2015\/06\/salatka-kalrepa_pomidory_kolendra.jpg 550w, https:\/\/kuchniokracja.hanami.pl\/wp-content\/uploads\/2015\/06\/salatka-kalrepa_pomidory_kolendra-300x200.jpg 300w\" sizes=\"auto, (max-width: 550px) 100vw, 550px\" \/><\/a>\n<\/div>\n","protected":false},"excerpt":{"rendered":"<p>Do jedzenia sa\u0142atek nie trzeba mnie zach\u0119ca\u0107, zw\u0142aszcza jak pi\u0119knie pachn\u0105 \u015bwie\u017c\u0105 kolendr\u0105. Sa\u0142atka szparagi, pomidory, czosnek i kolendra &#8211; przepis: 1 du\u017ca kalarepa 3 \u015brednie pomidory 3 z\u0105bki czosnku gar\u015b\u0107 \u015bwie\u017cej kolendry olej lniany s\u00f3l, tymianek, szczypta kurkumy Kalarep\u0119 obieramy ze sk\u00f3rki i kroimy w paski. Pomidory kroimy w kostk\u0119. Czosnek i kolendr\u0119 drobno&#8230;<\/p>\n","protected":false},"author":2,"featured_media":0,"comment_status":"open","ping_status":"open","sticky":false,"template":"","format":"standard","meta":{"footnotes":""},"categories":[64],"tags":[790,678,380,680,1588,1012,230],"class_list":["post-6177","post","type-post","status-publish","format-standard","hentry","category-kuchnia-fusion","tag-czosnek","tag-kalarepa","tag-kolendra","tag-kurkuma","tag-olej-lniany","tag-pomidory","tag-salatka"],"_links":{"self":[{"href":"https:\/\/kuchniokracja.hanami.pl\/index.php\/wp-json\/wp\/v2\/posts\/6177","targetHints":{"allow":["GET"]}}],"collection":[{"href":"https:\/\/kuchniokracja.hanami.pl\/index.php\/wp-json\/wp\/v2\/posts"}],"about":[{"href":"https:\/\/kuchniokracja.hanami.pl\/index.php\/wp-json\/wp\/v2\/types\/post"}],"author":[{"embeddable":true,"href":"https:\/\/kuchniokracja.hanami.pl\/index.php\/wp-json\/wp\/v2\/users\/2"}],"replies":[{"embeddable":true,"href":"https:\/\/kuchniokracja.hanami.pl\/index.php\/wp-json\/wp\/v2\/comments?post=6177"}],"version-history":[{"count":2,"href":"https:\/\/kuchniokracja.hanami.pl\/index.php\/wp-json\/wp\/v2\/posts\/6177\/revisions"}],"predecessor-version":[{"id":6180,"href":"https:\/\/kuchniokracja.hanami.pl\/index.php\/wp-json\/wp\/v2\/posts\/6177\/revisions\/6180"}],"wp:attachment":[{"href":"https:\/\/kuchniokracja.hanami.pl\/index.php\/wp-json\/wp\/v2\/media?parent=6177"}],"wp:term":[{"taxonomy":"category","embeddable":true,"href":"https:\/\/kuchniokracja.hanami.pl\/index.php\/wp-json\/wp\/v2\/categories?post=6177"},{"taxonomy":"post_tag","embeddable":true,"href":"https:\/\/kuchniokracja.hanami.pl\/index.php\/wp-json\/wp\/v2\/tags?post=6177"}],"curies":[{"name":"wp","href":"https:\/\/api.w.org\/{rel}","templated":true}]}}