{"id":6284,"date":"2015-07-09T07:44:13","date_gmt":"2015-07-09T05:44:13","guid":{"rendered":"http:\/\/www.kuchniokracja.hanami.pl\/?p=6284"},"modified":"2015-07-08T23:00:30","modified_gmt":"2015-07-08T21:00:30","slug":"ciasto-francuskie-z-budyniem-i-swiezymi-jagodami","status":"publish","type":"post","link":"https:\/\/kuchniokracja.hanami.pl\/index.php\/ciasto-francuskie-z-budyniem-i-swiezymi-jagodami\/","title":{"rendered":"Ciasto francuskie z budyniem i \u015bwie\u017cymi jagodami"},"content":{"rendered":"<div itemscope itemtype=\"http:\/\/schema.org\/Recipe\">\n<p style=\"text-align: justify;\">Lato, s\u0142o\u0144ce, wakacje. W takich warunkach wielu osobom nie chce si\u0119 gotowa\u0107. Co zatem poda\u0107 na lipcowy podwieczorek? Najlepiej szybkie <strong>ciasta<\/strong> z sezonowymi owocami. Oto jedno z nich.<\/p>\n<h2 style=\"font-size: 16px; text-align: justify;\"><strong><span itemprop=\"name\">Ciasto francuskie z budyniem i \u015bwie\u017cymi jagodami<\/span> &#8211; przepis:<\/strong><\/h2>\n<p><strong><span itemprop=\"ingredients\">gotowe ciasto francuskie<\/span><\/strong><br \/>\n<strong><span itemprop=\"ingredients\">300 ml budyniu waniliowego<\/span><\/strong><br \/>\n<strong><span itemprop=\"ingredients\">150-200 g jag\u00f3d<\/span><\/strong><br \/>\n<strong><span itemprop=\"ingredients\">li\u015bcie zi\u00f3\u0142 do ozdoby<\/span><\/strong><\/p>\n<p itemprop=\"recipeInstructions\" style=\"text-align: justify;\">Z ciasta francuskiego wykrawamy obr\u0119cz o \u015brednicy 23-24 centymetr\u00f3w. Ciasto przek\u0142adamy do formy wysmarowanej mas\u0142em o \u015brednicy 22 cm (uk\u0142adamy tak, by ciasto wystawa\u0142o oko\u0142o 1 centymetr na boki). Pieczemy zgodnie z instrukcj\u0105 na opakowaniu. W mi\u0119dzy czasie przygotowujemy budy\u0144 waniliowy, a po ugotowaniu studzimy go. Na upieczony i ostudzony sp\u00f3d nak\u0142adamy r\u00f3wnomiernie warstw\u0119 budyniu, a nast\u0119pnie dobrze umyte i osuszone jagody. Ciasto ozdabiamy li\u015b\u0107mi \u015bwie\u017cych zi\u00f3\u0142. <\/p>\n<p><a href=\"https:\/\/kuchniokracja.hanami.pl\/wp-content\/uploads\/2015\/07\/francuskie_budyn_jagody.jpg\"><img loading=\"lazy\" decoding=\"async\" src=\"https:\/\/kuchniokracja.hanami.pl\/wp-content\/uploads\/2015\/07\/francuskie_budyn_jagody.jpg\" itemprop=\"image\" alt=\"Ciasto francuskie z budyniem i \u015bwie\u017cymi jagodami, Fot. Hanami\u00ae\" width=\"500\" height=\"750\" class=\"aligncenter size-full wp-image-6285\" srcset=\"https:\/\/kuchniokracja.hanami.pl\/wp-content\/uploads\/2015\/07\/francuskie_budyn_jagody.jpg 500w, https:\/\/kuchniokracja.hanami.pl\/wp-content\/uploads\/2015\/07\/francuskie_budyn_jagody-1x1.jpg 1w\" sizes=\"auto, (max-width: 500px) 100vw, 500px\" \/><\/a>\n<\/div>\n","protected":false},"excerpt":{"rendered":"<p>Lato, s\u0142o\u0144ce, wakacje. W takich warunkach wielu osobom nie chce si\u0119 gotowa\u0107. Co zatem poda\u0107 na lipcowy podwieczorek? Najlepiej szybkie ciasta z sezonowymi owocami. Oto jedno z nich. Ciasto francuskie z budyniem i \u015bwie\u017cymi jagodami &#8211; przepis: gotowe ciasto francuskie 300 ml budyniu waniliowego 150-200 g jag\u00f3d li\u015bcie zi\u00f3\u0142 do ozdoby Z ciasta francuskiego wykrawamy&#8230;<\/p>\n","protected":false},"author":2,"featured_media":0,"comment_status":"open","ping_status":"open","sticky":false,"template":"","format":"standard","meta":{"footnotes":""},"categories":[4],"tags":[34,30,179,1057,1498,12,5,923],"class_list":["post-6284","post","type-post","status-publish","format-standard","hentry","category-slodycze","tag-budyn","tag-ciasto","tag-ciasto-francuskie","tag-jagody","tag-na-szybko","tag-przepisy-2","tag-slodycze-2","tag-ziola"],"_links":{"self":[{"href":"https:\/\/kuchniokracja.hanami.pl\/index.php\/wp-json\/wp\/v2\/posts\/6284","targetHints":{"allow":["GET"]}}],"collection":[{"href":"https:\/\/kuchniokracja.hanami.pl\/index.php\/wp-json\/wp\/v2\/posts"}],"about":[{"href":"https:\/\/kuchniokracja.hanami.pl\/index.php\/wp-json\/wp\/v2\/types\/post"}],"author":[{"embeddable":true,"href":"https:\/\/kuchniokracja.hanami.pl\/index.php\/wp-json\/wp\/v2\/users\/2"}],"replies":[{"embeddable":true,"href":"https:\/\/kuchniokracja.hanami.pl\/index.php\/wp-json\/wp\/v2\/comments?post=6284"}],"version-history":[{"count":2,"href":"https:\/\/kuchniokracja.hanami.pl\/index.php\/wp-json\/wp\/v2\/posts\/6284\/revisions"}],"predecessor-version":[{"id":6287,"href":"https:\/\/kuchniokracja.hanami.pl\/index.php\/wp-json\/wp\/v2\/posts\/6284\/revisions\/6287"}],"wp:attachment":[{"href":"https:\/\/kuchniokracja.hanami.pl\/index.php\/wp-json\/wp\/v2\/media?parent=6284"}],"wp:term":[{"taxonomy":"category","embeddable":true,"href":"https:\/\/kuchniokracja.hanami.pl\/index.php\/wp-json\/wp\/v2\/categories?post=6284"},{"taxonomy":"post_tag","embeddable":true,"href":"https:\/\/kuchniokracja.hanami.pl\/index.php\/wp-json\/wp\/v2\/tags?post=6284"}],"curies":[{"name":"wp","href":"https:\/\/api.w.org\/{rel}","templated":true}]}}