{"id":6314,"date":"2015-07-20T07:30:35","date_gmt":"2015-07-20T05:30:35","guid":{"rendered":"http:\/\/www.kuchniokracja.hanami.pl\/?p=6314"},"modified":"2015-07-16T22:05:49","modified_gmt":"2015-07-16T20:05:49","slug":"makaron-z-czosnkiem-kolendra-i-serem-brie","status":"publish","type":"post","link":"https:\/\/kuchniokracja.hanami.pl\/index.php\/makaron-z-czosnkiem-kolendra-i-serem-brie\/","title":{"rendered":"Makaron z czosnkiem, kolendr\u0105 i serem brie"},"content":{"rendered":"<div itemscope itemtype=\"http:\/\/schema.org\/Recipe\" style=\"text-align: justify;\">\n<p style=\"text-align: justify;\">W tym roku mam ogromne zu\u017cycie <strong>kolendry<\/strong>. Nic wi\u0119c dziwnego, \u017ce te pachn\u0105ce zielsko trafi\u0142o tak\u017ce do da\u0144 z makaronem. <\/p>\n<h2 style=\"font-size: 16px; text-align: justify;\"><strong><span itemprop=\"name\">Makaron z czosnkiem, kolendr\u0105 i serem brie<\/span> &#8211; przepis:<\/strong><\/h2>\n<p><strong><span itemprop=\"ingredients\"> 200 g makaronu <\/em><\/span><\/strong><br \/>\n<strong><span itemprop=\"ingredients\"> p\u0119czek \u015bwie\u017cej kolendry<\/span> <\/strong><br \/>\n<strong><span itemprop=\"ingredients\"> 5 z\u0105bk\u00f3w czosnku <\/span><\/strong><br \/>\n<strong><span itemprop=\"ingredients\"> p\u00f3\u0142 ma\u0142ego kr\u0105\u017cka sera <em>brie<\/em> <\/strong><br \/>\n<strong><span itemprop=\"ingredients\"> oliwa do sma\u017cenia <\/strong><br \/>\n<strong><span itemprop=\"ingredients\"> s\u00f3l, pieprz <\/span><\/strong> <\/p>\n<p itemprop=\"recipeInstructions\" style=\"text-align: justify;\"> Na rozgrzan\u0105 oliw\u0119 wrzucamy posiekany czosnek. Po 2-3 minutach dodajemy posiekan\u0105 kolendr\u0119, s\u00f3l i pieprz. Przesma\u017camy oko\u0142o minuty i zdejmujemy z palnika. Gotujemy makaron zgodnie z instrukcj\u0105 na opakowaniu. Ugotowany makaron mieszamy z sosem z patelni. Makaron porcjujemy, na wierzch ka\u017cdego dania nak\u0142adamy plasterki sera <em>brie<\/em>.<\/p>\n<p><a href=\"https:\/\/kuchniokracja.hanami.pl\/wp-content\/uploads\/2015\/07\/makaron_kolendra_brie.jpg\"><img loading=\"lazy\" decoding=\"async\" src=\"https:\/\/kuchniokracja.hanami.pl\/wp-content\/uploads\/2015\/07\/makaron_kolendra_brie.jpg\" itemprop=\"image\" alt=\"Makaron z czosnkiem, kolendr\u0105 i serem brie, Fot. Hanami\u00ae\" width=\"500\" height=\"750\" class=\"aligncenter size-full wp-image-6315\" srcset=\"https:\/\/kuchniokracja.hanami.pl\/wp-content\/uploads\/2015\/07\/makaron_kolendra_brie.jpg 500w, https:\/\/kuchniokracja.hanami.pl\/wp-content\/uploads\/2015\/07\/makaron_kolendra_brie-1x1.jpg 1w\" sizes=\"auto, (max-width: 500px) 100vw, 500px\" \/><\/a>\n<\/div>\n","protected":false},"excerpt":{"rendered":"<p>W tym roku mam ogromne zu\u017cycie kolendry. Nic wi\u0119c dziwnego, \u017ce te pachn\u0105ce zielsko trafi\u0142o tak\u017ce do da\u0144 z makaronem. Makaron z czosnkiem, kolendr\u0105 i serem brie &#8211; przepis: 200 g makaronu p\u0119czek \u015bwie\u017cej kolendry 5 z\u0105bk\u00f3w czosnku p\u00f3\u0142 ma\u0142ego kr\u0105\u017cka sera brie oliwa do sma\u017cenia s\u00f3l, pieprz Na rozgrzan\u0105 oliw\u0119 wrzucamy posiekany czosnek. Po&#8230;<\/p>\n","protected":false},"author":2,"featured_media":0,"comment_status":"open","ping_status":"open","sticky":false,"template":"","format":"standard","meta":{"footnotes":""},"categories":[64],"tags":[1466,790,380,69,237,1498,12,295],"class_list":["post-6314","post","type-post","status-publish","format-standard","hentry","category-kuchnia-fusion","tag-brie","tag-czosnek","tag-kolendra","tag-kuchnia-fusion-2","tag-makaron","tag-na-szybko","tag-przepisy-2","tag-ser"],"_links":{"self":[{"href":"https:\/\/kuchniokracja.hanami.pl\/index.php\/wp-json\/wp\/v2\/posts\/6314","targetHints":{"allow":["GET"]}}],"collection":[{"href":"https:\/\/kuchniokracja.hanami.pl\/index.php\/wp-json\/wp\/v2\/posts"}],"about":[{"href":"https:\/\/kuchniokracja.hanami.pl\/index.php\/wp-json\/wp\/v2\/types\/post"}],"author":[{"embeddable":true,"href":"https:\/\/kuchniokracja.hanami.pl\/index.php\/wp-json\/wp\/v2\/users\/2"}],"replies":[{"embeddable":true,"href":"https:\/\/kuchniokracja.hanami.pl\/index.php\/wp-json\/wp\/v2\/comments?post=6314"}],"version-history":[{"count":2,"href":"https:\/\/kuchniokracja.hanami.pl\/index.php\/wp-json\/wp\/v2\/posts\/6314\/revisions"}],"predecessor-version":[{"id":6317,"href":"https:\/\/kuchniokracja.hanami.pl\/index.php\/wp-json\/wp\/v2\/posts\/6314\/revisions\/6317"}],"wp:attachment":[{"href":"https:\/\/kuchniokracja.hanami.pl\/index.php\/wp-json\/wp\/v2\/media?parent=6314"}],"wp:term":[{"taxonomy":"category","embeddable":true,"href":"https:\/\/kuchniokracja.hanami.pl\/index.php\/wp-json\/wp\/v2\/categories?post=6314"},{"taxonomy":"post_tag","embeddable":true,"href":"https:\/\/kuchniokracja.hanami.pl\/index.php\/wp-json\/wp\/v2\/tags?post=6314"}],"curies":[{"name":"wp","href":"https:\/\/api.w.org\/{rel}","templated":true}]}}