{"id":6649,"date":"2015-11-30T07:13:47","date_gmt":"2015-11-30T06:13:47","guid":{"rendered":"http:\/\/www.kuchniokracja.hanami.pl\/?p=6649"},"modified":"2015-11-26T13:24:59","modified_gmt":"2015-11-26T12:24:59","slug":"kanapka-z-serkiem-i-wedlina-sezonowana","status":"publish","type":"post","link":"https:\/\/kuchniokracja.hanami.pl\/index.php\/kanapka-z-serkiem-i-wedlina-sezonowana\/","title":{"rendered":"Kanapka z serkiem i w\u0119dlin\u0105 sezonowan\u0105"},"content":{"rendered":"<div itemscope itemtype=\"http:\/\/schema.org\/Recipe\" style=\"text-align: justify;\">\n<p style=\"text-align: justify;\">Dla wielu os\u00f3b <strong>kanapki<\/strong> to nieod\u0142\u0105czni kompani codziennej walki z g\u0142odem. U mnie dominuj\u0105 w menu \u015bniadaniowym.  <\/p>\n<h2 style=\"font-size: 16px; text-align: justify;\"><strong><span itemprop=\"name\">Kanapka z serkiem i w\u0119dlin\u0105 sezonowan\u0105<\/span> &#8211; przepis:<\/strong><\/h2>\n<p><strong><span itemprop=\"ingredients\"> twar\u00f3g lub serek wiejski<\/span><\/strong><br \/>\n<strong><span itemprop=\"ingredients\"> ciemne pieczywo<\/span> <\/strong><br \/>\n<strong><span itemprop=\"ingredients\"> w\u0119dlina sezonowana<\/span><\/strong><br \/>\n<strong><span itemprop=\"ingredients\"> rzodkiewka<\/span><\/strong><br \/>\n<strong><span itemprop=\"ingredients\"> szczypiorek<\/span> <\/strong><br \/>\n<strong><span itemprop=\"ingredients\"> s\u00f3l ze sk\u00f3rk\u0105 pomara\u0144czow\u0105, pieprz, rozmaryn<\/span> <\/strong><\/p>\n<p itemprop=\"recipeInstructions\" style=\"text-align: justify;\">Rzodkiewk\u0119 kroimy w kostk\u0119, szczypiorek siekamy. Do miski wrzucamy serek dodajemy przyprawy i posiekan\u0105 rzodkiewk\u0119 i szczypiorek. Dok\u0142adnie mieszamy. Mieszanin\u0119 nak\u0142adamy na kromki pieczywa. Na wierzch serowej masy nak\u0142adamy plaster szynki sezonowanej. <\/p>\n<p><a href=\"https:\/\/kuchniokracja.hanami.pl\/wp-content\/uploads\/2015\/11\/kanapka_serek.jpg\"><img loading=\"lazy\" decoding=\"async\" src=\"https:\/\/kuchniokracja.hanami.pl\/wp-content\/uploads\/2015\/11\/kanapka_serek.jpg\" itemprop=\"image\" alt=\"Kanapka z serkiem i w\u0119dlin\u0105 sezonowan\u0105, Fot. Hanami\" width=\"500\" height=\"750\" class=\"aligncenter size-full wp-image-6650\" srcset=\"https:\/\/kuchniokracja.hanami.pl\/wp-content\/uploads\/2015\/11\/kanapka_serek.jpg 500w, https:\/\/kuchniokracja.hanami.pl\/wp-content\/uploads\/2015\/11\/kanapka_serek-1x1.jpg 1w\" sizes=\"auto, (max-width: 500px) 100vw, 500px\" \/><\/a>\n<\/div>\n","protected":false},"excerpt":{"rendered":"<p>Dla wielu os\u00f3b kanapki to nieod\u0142\u0105czni kompani codziennej walki z g\u0142odem. U mnie dominuj\u0105 w menu \u015bniadaniowym. Kanapka z serkiem i w\u0119dlin\u0105 sezonowan\u0105 &#8211; przepis: twar\u00f3g lub serek wiejski ciemne pieczywo w\u0119dlina sezonowana rzodkiewka szczypiorek s\u00f3l ze sk\u00f3rk\u0105 pomara\u0144czow\u0105, pieprz, rozmaryn Rzodkiewk\u0119 kroimy w kostk\u0119, szczypiorek siekamy. Do miski wrzucamy serek dodajemy przyprawy i posiekan\u0105&#8230;<\/p>\n","protected":false},"author":2,"featured_media":0,"comment_status":"open","ping_status":"open","sticky":false,"template":"","format":"standard","meta":{"footnotes":""},"categories":[64],"tags":[1594,392,1822,1820,570,657,1821],"class_list":["post-6649","post","type-post","status-publish","format-standard","hentry","category-kuchnia-fusion","tag-kanapka","tag-przepis","tag-rzodkiewka","tag-serek-wiejski","tag-szczypiorek","tag-twarog","tag-wedlina-sezonowana"],"_links":{"self":[{"href":"https:\/\/kuchniokracja.hanami.pl\/index.php\/wp-json\/wp\/v2\/posts\/6649","targetHints":{"allow":["GET"]}}],"collection":[{"href":"https:\/\/kuchniokracja.hanami.pl\/index.php\/wp-json\/wp\/v2\/posts"}],"about":[{"href":"https:\/\/kuchniokracja.hanami.pl\/index.php\/wp-json\/wp\/v2\/types\/post"}],"author":[{"embeddable":true,"href":"https:\/\/kuchniokracja.hanami.pl\/index.php\/wp-json\/wp\/v2\/users\/2"}],"replies":[{"embeddable":true,"href":"https:\/\/kuchniokracja.hanami.pl\/index.php\/wp-json\/wp\/v2\/comments?post=6649"}],"version-history":[{"count":2,"href":"https:\/\/kuchniokracja.hanami.pl\/index.php\/wp-json\/wp\/v2\/posts\/6649\/revisions"}],"predecessor-version":[{"id":6652,"href":"https:\/\/kuchniokracja.hanami.pl\/index.php\/wp-json\/wp\/v2\/posts\/6649\/revisions\/6652"}],"wp:attachment":[{"href":"https:\/\/kuchniokracja.hanami.pl\/index.php\/wp-json\/wp\/v2\/media?parent=6649"}],"wp:term":[{"taxonomy":"category","embeddable":true,"href":"https:\/\/kuchniokracja.hanami.pl\/index.php\/wp-json\/wp\/v2\/categories?post=6649"},{"taxonomy":"post_tag","embeddable":true,"href":"https:\/\/kuchniokracja.hanami.pl\/index.php\/wp-json\/wp\/v2\/tags?post=6649"}],"curies":[{"name":"wp","href":"https:\/\/api.w.org\/{rel}","templated":true}]}}