{"id":6668,"date":"2015-12-09T09:31:22","date_gmt":"2015-12-09T08:31:22","guid":{"rendered":"http:\/\/www.kuchniokracja.hanami.pl\/?p=6668"},"modified":"2015-12-09T09:31:22","modified_gmt":"2015-12-09T08:31:22","slug":"sledzie-z-pomaranczami-i-imbirem-boze-narodzenie-2015","status":"publish","type":"post","link":"https:\/\/kuchniokracja.hanami.pl\/index.php\/sledzie-z-pomaranczami-i-imbirem-boze-narodzenie-2015\/","title":{"rendered":"\u015aledzie z pomara\u0144czami i imbirem &#8211; Bo\u017ce Narodzenie 2015"},"content":{"rendered":"<div itemscope itemtype=\"http:\/\/schema.org\/Recipe\" style=\"text-align: justify;\">\n<p style=\"text-align: justify;\">Na Wigilii nie mo\u017ce zabrakn\u0105\u0107 da\u0144 ze <strong>\u015bledziem<\/strong>. Ja w tym roku postawi\u0142am na proste dania pachn\u0105ce przyprawami i cytrusami. <\/p>\n<h2 style=\"font-size: 16px; text-align: justify;\"><strong><span itemprop=\"name\">\u015aledzie z pomara\u0144czami i imbirem<\/span> &#8211; przepis:<\/strong><\/h2>\n<p><strong><span itemprop=\"ingredients\"> filety \u015bledziowe<\/span><\/strong><br \/>\n<strong><span itemprop=\"ingredients\"> pomara\u0144cze<\/span> <\/strong><br \/>\n<strong><span itemprop=\"ingredients\"> imbir<\/span><\/strong><br \/>\n<strong><span itemprop=\"ingredients\"> pieprz<\/span><\/strong><\/p>\n<p itemprop=\"recipeInstructions\" style=\"text-align: justify;\">Filety \u015bledziowe kroimy na mniejsze kawa\u0142ki. Imbir (kawa\u0142ek 10 cm) kroimy w ma\u0142e s\u0142upki i przesma\u017camy go na patelni na soku wyci\u015bni\u0119tym z jednego pomara\u0144cza (taka ilo\u015b\u0107 imbiru starczy na 8-10 porcji \u015bledzi). \u015aledzie opr\u00f3szamy pieprzem i uk\u0142adamy na talerzu z kawa\u0142kami pomara\u0144czy. Nak\u0142adamy imbir i ca\u0142o\u015b\u0107 polewamy odrobin\u0105 zredukowanego soku.<\/p>\n<p><a href=\"https:\/\/kuchniokracja.hanami.pl\/wp-content\/uploads\/2015\/12\/sledzie_pomarancze.jpg\"><img loading=\"lazy\" decoding=\"async\" src=\"https:\/\/kuchniokracja.hanami.pl\/wp-content\/uploads\/2015\/12\/sledzie_pomarancze.jpg\" itemprop=\"image\" alt=\"\u015aledzie z pomara\u0144czami i imbirem , Fot. Hanami\" width=\"500\" height=\"750\" class=\"aligncenter size-full wp-image-6669\" srcset=\"https:\/\/kuchniokracja.hanami.pl\/wp-content\/uploads\/2015\/12\/sledzie_pomarancze.jpg 500w, https:\/\/kuchniokracja.hanami.pl\/wp-content\/uploads\/2015\/12\/sledzie_pomarancze-1x1.jpg 1w\" sizes=\"auto, (max-width: 500px) 100vw, 500px\" \/><\/a>\n<\/div>\n","protected":false},"excerpt":{"rendered":"<p>Na Wigilii nie mo\u017ce zabrakn\u0105\u0107 da\u0144 ze \u015bledziem. Ja w tym roku postawi\u0142am na proste dania pachn\u0105ce przyprawami i cytrusami. \u015aledzie z pomara\u0144czami i imbirem &#8211; przepis: filety \u015bledziowe pomara\u0144cze imbir pieprz Filety \u015bledziowe kroimy na mniejsze kawa\u0142ki. Imbir (kawa\u0142ek 10 cm) kroimy w ma\u0142e s\u0142upki i przesma\u017camy go na patelni na soku wyci\u015bni\u0119tym z&#8230;<\/p>\n","protected":false},"author":2,"featured_media":0,"comment_status":"open","ping_status":"open","sticky":false,"template":"","format":"standard","meta":{"footnotes":""},"categories":[64],"tags":[603,463,1738,1001,12,888,1299],"class_list":["post-6668","post","type-post","status-publish","format-standard","hentry","category-kuchnia-fusion","tag-boze-narodzenie","tag-imbir","tag-pieprz","tag-pomarancze","tag-przepisy-2","tag-sledz","tag-wigilia"],"_links":{"self":[{"href":"https:\/\/kuchniokracja.hanami.pl\/index.php\/wp-json\/wp\/v2\/posts\/6668","targetHints":{"allow":["GET"]}}],"collection":[{"href":"https:\/\/kuchniokracja.hanami.pl\/index.php\/wp-json\/wp\/v2\/posts"}],"about":[{"href":"https:\/\/kuchniokracja.hanami.pl\/index.php\/wp-json\/wp\/v2\/types\/post"}],"author":[{"embeddable":true,"href":"https:\/\/kuchniokracja.hanami.pl\/index.php\/wp-json\/wp\/v2\/users\/2"}],"replies":[{"embeddable":true,"href":"https:\/\/kuchniokracja.hanami.pl\/index.php\/wp-json\/wp\/v2\/comments?post=6668"}],"version-history":[{"count":1,"href":"https:\/\/kuchniokracja.hanami.pl\/index.php\/wp-json\/wp\/v2\/posts\/6668\/revisions"}],"predecessor-version":[{"id":6670,"href":"https:\/\/kuchniokracja.hanami.pl\/index.php\/wp-json\/wp\/v2\/posts\/6668\/revisions\/6670"}],"wp:attachment":[{"href":"https:\/\/kuchniokracja.hanami.pl\/index.php\/wp-json\/wp\/v2\/media?parent=6668"}],"wp:term":[{"taxonomy":"category","embeddable":true,"href":"https:\/\/kuchniokracja.hanami.pl\/index.php\/wp-json\/wp\/v2\/categories?post=6668"},{"taxonomy":"post_tag","embeddable":true,"href":"https:\/\/kuchniokracja.hanami.pl\/index.php\/wp-json\/wp\/v2\/tags?post=6668"}],"curies":[{"name":"wp","href":"https:\/\/api.w.org\/{rel}","templated":true}]}}