{"id":6936,"date":"2016-05-06T07:00:06","date_gmt":"2016-05-06T05:00:06","guid":{"rendered":"http:\/\/www.kuchniokracja.hanami.pl\/?p=6936"},"modified":"2016-04-25T17:50:52","modified_gmt":"2016-04-25T15:50:52","slug":"czarny-makaron-ryzowy-z-warzywami-w-sosie","status":"publish","type":"post","link":"https:\/\/kuchniokracja.hanami.pl\/index.php\/czarny-makaron-ryzowy-z-warzywami-w-sosie\/","title":{"rendered":"Czarny makaron ry\u017cowy z warzywami w sosie"},"content":{"rendered":"<div itemscope itemtype=\"http:\/\/schema.org\/Recipe\" style=\"text-align: justify;\">\n<p style=\"text-align: justify;\">Uwielbiam zakupy na Hali Mirowskiej. Warzywa, owoce i pachn\u0105ce p\u0119ki zi\u00f3\u0142, przynosz\u0119 je kilogramami do domu, by potem gotowa\u0107 i piec.<\/p>\n<h2 style=\"font-size: 16px; text-align: justify;\"><strong><span itemprop=\"name\">Czarny makaron ry\u017cowy z warzywami w sosie<\/span> \u2013 przepis:<\/strong><\/h2>\n<p><strong><span itemprop=\"ingredients\"> 250 g czarnego makaronu ry\u017cowego<\/span><\/strong><br \/>\n<strong><span itemprop=\"ingredients\"> 1 \u015brednia cukinia<\/span><\/strong><br \/>\n<strong><span itemprop=\"ingredients\"> 3 szalotki<\/span><\/strong><br \/>\n<strong><span itemprop=\"ingredients\"> 250 g broku\u0142\u00f3w <\/span><\/strong><br \/>\n<strong><span itemprop=\"ingredients\"> 100 ml wody<\/span><\/strong><br \/>\n<strong><span itemprop=\"ingredients\"> 400 ml mleka kokosowego<\/span><\/strong><br \/>\n<strong><span itemprop=\"ingredients\"> 2 \u0142y\u017ceczki garam masali <\/span><\/strong><br \/>\n<strong><span itemprop=\"ingredients\"> 1 \u0142y\u017ceczka kurkumy <\/span><\/strong><br \/>\n<strong><span itemprop=\"ingredients\"> 2 li\u015bcie kafiru <\/span><\/strong><br \/>\n<strong><span itemprop=\"ingredients\"> \u015bwie\u017ca kolendra <\/span><\/strong><br \/>\n<strong><span itemprop=\"ingredients\"> s\u00f3l<\/span><\/strong><\/p>\n<p itemprop=\"recipeInstructions\" style=\"text-align: justify;\">Szalotki kroimy w plasterki i przesma\u017camy w g\u0142\u0119bokim garnku. Dodajemy wod\u0119, garam masal\u0119, kurkum\u0119, li\u015bcie kafiru i dok\u0142adnie mieszamy. Dodajemy pokrojon\u0105 w kostk\u0119 cukini\u0119, gotujemy 3-4 minuty i dolewamy mleko kokosowe. Po tym jak mleko zacznie si\u0119 gotowa\u0107 dodajemy broku\u0142y. Gotujemy, a\u017c warzywa b\u0119d\u0105 mi\u0119kkie. Makaron gotujemy zgodnie z instrukcj\u0105. Ugotowany makaron nak\u0142adamy do miseczek i dodajemy warzywa oraz sos. Ca\u0142o\u015b\u0107 posypujemy \u015bwie\u017c\u0105, posiekan\u0105 kolendr\u0105. <\/em><\/p>\n<p> <a href=\"https:\/\/kuchniokracja.hanami.pl\/?attachment_id=6939#main\" rel=\"attachment wp-att-6939\"><img loading=\"lazy\" decoding=\"async\" src=\"https:\/\/kuchniokracja.hanami.pl\/wp-content\/uploads\/2016\/05\/makaron_ryzowy_brokuly.jpg\" itemprop=\"image\" alt=\"Czarny makaron ry\u017cowy z warzywami w sosie, Fot. Hanami\" width=\"500\" height=\"750\" class=\"aligncenter size-full wp-image-6939\" srcset=\"https:\/\/kuchniokracja.hanami.pl\/wp-content\/uploads\/2016\/05\/makaron_ryzowy_brokuly.jpg 500w, https:\/\/kuchniokracja.hanami.pl\/wp-content\/uploads\/2016\/05\/makaron_ryzowy_brokuly-1x1.jpg 1w\" sizes=\"auto, (max-width: 500px) 100vw, 500px\" \/><\/a><\/p>\n<\/div>\n","protected":false},"excerpt":{"rendered":"<p>Uwielbiam zakupy na Hali Mirowskiej. Warzywa, owoce i pachn\u0105ce p\u0119ki zi\u00f3\u0142, przynosz\u0119 je kilogramami do domu, by potem gotowa\u0107 i piec. Czarny makaron ry\u017cowy z warzywami w sosie \u2013 przepis: 250 g czarnego makaronu ry\u017cowego 1 \u015brednia cukinia 3 szalotki 250 g broku\u0142\u00f3w 100 ml wody 400 ml mleka kokosowego 2 \u0142y\u017ceczki garam masali 1&#8230;<\/p>\n","protected":false},"author":2,"featured_media":0,"comment_status":"open","ping_status":"open","sticky":false,"template":"","format":"standard","meta":{"footnotes":""},"categories":[64],"tags":[304,231,69,680,383,273,12,1868],"class_list":["post-6936","post","type-post","status-publish","format-standard","hentry","category-kuchnia-fusion","tag-brokuly","tag-cukinia","tag-kuchnia-fusion-2","tag-kurkuma","tag-makaron-ryzowy","tag-mleko-kokosowe","tag-przepisy-2","tag-szlotka"],"_links":{"self":[{"href":"https:\/\/kuchniokracja.hanami.pl\/index.php\/wp-json\/wp\/v2\/posts\/6936","targetHints":{"allow":["GET"]}}],"collection":[{"href":"https:\/\/kuchniokracja.hanami.pl\/index.php\/wp-json\/wp\/v2\/posts"}],"about":[{"href":"https:\/\/kuchniokracja.hanami.pl\/index.php\/wp-json\/wp\/v2\/types\/post"}],"author":[{"embeddable":true,"href":"https:\/\/kuchniokracja.hanami.pl\/index.php\/wp-json\/wp\/v2\/users\/2"}],"replies":[{"embeddable":true,"href":"https:\/\/kuchniokracja.hanami.pl\/index.php\/wp-json\/wp\/v2\/comments?post=6936"}],"version-history":[{"count":5,"href":"https:\/\/kuchniokracja.hanami.pl\/index.php\/wp-json\/wp\/v2\/posts\/6936\/revisions"}],"predecessor-version":[{"id":6938,"href":"https:\/\/kuchniokracja.hanami.pl\/index.php\/wp-json\/wp\/v2\/posts\/6936\/revisions\/6938"}],"wp:attachment":[{"href":"https:\/\/kuchniokracja.hanami.pl\/index.php\/wp-json\/wp\/v2\/media?parent=6936"}],"wp:term":[{"taxonomy":"category","embeddable":true,"href":"https:\/\/kuchniokracja.hanami.pl\/index.php\/wp-json\/wp\/v2\/categories?post=6936"},{"taxonomy":"post_tag","embeddable":true,"href":"https:\/\/kuchniokracja.hanami.pl\/index.php\/wp-json\/wp\/v2\/tags?post=6936"}],"curies":[{"name":"wp","href":"https:\/\/api.w.org\/{rel}","templated":true}]}}