{"id":7127,"date":"2016-07-27T07:13:15","date_gmt":"2016-07-27T05:13:15","guid":{"rendered":"http:\/\/www.kuchniokracja.hanami.pl\/?p=7127"},"modified":"2016-07-26T22:27:09","modified_gmt":"2016-07-26T20:27:09","slug":"ilza-opatow-baltow-cmielow-i-wachock-krotki-wyjazd-wakacyjny","status":"publish","type":"post","link":"https:\/\/kuchniokracja.hanami.pl\/index.php\/ilza-opatow-baltow-cmielow-i-wachock-krotki-wyjazd-wakacyjny\/","title":{"rendered":"I\u0142\u017ca, Opat\u00f3w, Ba\u0142t\u00f3w, \u0106miel\u00f3w i W\u0105chock &#8211; kr\u00f3tki wyjazd wakacyjny"},"content":{"rendered":"<p style=\"text-align: justify;\">Lubi\u0119 kr\u00f3tkie wyjazdy w Polsk\u0119. Szukam nowych miejsc, ruin zamk\u00f3w, lokalizacji urzekaj\u0105cych pi\u0119knem przyrody oraz dobrego jedzenia (o jedzeniu b\u0119dzie jeszcze oddzielny wpis). Tym razem przewa\u017ca\u0142y ruiny oraz opactwa. Pogoda trafi\u0142a si\u0119 \u015bwietna. Na pocz\u0105tek wyprawy <strong>I\u0142\u017ca<\/strong>, a w niej ruiny gotycko-renesansowego zamku biskup\u00f3w. Budowa zamku rozpocz\u0119\u0142a si\u0119 na pocz\u0105tku XIV wieku. Na przestrzeni lat kompleks\u00a0wielokrotnie przebudowywano. Miejsce zacz\u0119\u0142o podupada\u0107 pod koniec XIX wieku. Dzi\u015b dla zwiedzaj\u0105cych udost\u0119pniona jest wie\u017ca, z kt\u00f3rej wida\u0107 panoram\u0119 okolicy oraz ruiny wraz z fragmentem mur\u00f3w obronnych. Odbywaj\u0105 si\u0119 tam tak\u017ce turnieje rycerskie. Z sam\u0105 miejscowo\u015bci\u0105 zwi\u0105zana jest legenda o z\u0142ej te\u015bciowej, kt\u00f3ra tak bardzo nie lubi\u0142a swojej synowej, \u017ce zamieni\u0142a j\u0105 w kaczk\u0119 i zamkn\u0119\u0142a w g\u0142\u0119bokiej studni. Dziewczyna wyp\u0142aka\u0142a sobie drog\u0119 ucieczki, a dzi\u0119ki niebia\u0144skiej pomocy wr\u00f3ci\u0142a do w\u0142asnej postaci. Okrutna kobieta\u00a0dowiedziawszy si\u0119 o tym, uciek\u0142a pod postaci\u0105 czarnego ptaka. Jej w\u0142o\u015bci za\u015b rozpad\u0142y si\u0119 w py\u0142.<\/p>\n<p style=\"text-align: justify;\">Kolejnym punktem programu by\u0142 <strong>Opat\u00f3w<\/strong>. Pocz\u0105tki osadnictwa w tym regionie si\u0119gaj\u0105 oko\u0142o X wieku. Miasto rozwija\u0142o si\u0119 dynamicznie,\u00a0kwit\u0142\u00a0handel, odbywa\u0142y si\u0119 ta\u017c tam sejmiki wojew\u00f3dztwa sandomierskiego. Odwiedzaj\u0105c Opat\u00f3w warto zajrze\u0107 do roma\u0144skiej\u00a0<strong>kolegiaty \u015bw. Marcina<\/strong>, kt\u00f3rej budow\u0119 rozpocz\u0119to w XIII wieku. Turyst\u00f3w przyci\u0105ga te\u017c podziemna, ponad 500 metrowa trasa przebiegaj\u0105ca pod miastem. Powsta\u0142a ona z po\u0142\u0105czenia trzech kondygnacji piwnic.<\/p>\n<p style=\"text-align: justify;\">W \u015awi\u0119tokrzyskim czekaj\u0105 nie tylko zabytki architektury i pi\u0119kne widoki. Znajdzie si\u0119 te\u017c co\u015b dla mi\u0142o\u015bnik\u00f3w dinozaur\u00f3w. W <strong>Ba\u0142towskim Kompleksie Turystycznym<\/strong> mie\u015bci si\u0119 park prehistoryczny z modelami (naturalnej wielko\u015bci) gad\u00f3w kopalnych i dinozaur\u00f3w oraz\u00a0tr\u00f3jwymiarowym akwarium. Uzupe\u0142nienie stanowi park rozrywki, zwierzyniec oraz wioska czarownic. Mo\u017cna te\u017c uda\u0107 si\u0119 na spacer <strong>\u017bydowskim Jarem<\/strong> &#8211; lessowy w\u0105wozem, w kt\u00f3rym znaleziono \u015blady\u00a0dryomorfon\u00f3w.<\/p>\n<p style=\"text-align: justify;\"><strong>\u0106miel\u00f3w<\/strong> kojarzy si\u0119 przede wszystkim z porcelan\u0105. Mie\u015bci si\u0119 tu\u00a0<strong>\u017bywe Muzeum Porcelany<\/strong> organizuj\u0105ce poza zwiedzaniem r\u00f3wnie\u017c\u00a0warsztaty oraz wystawy. W miejscowo\u015bci s\u0105 ponadto\u00a0ruiny zamku magnackiego z XIV wieku. Niestety trudno si\u0119 do nich dosta\u0107, gdy\u017c teren jest zaro\u015bni\u0119ty. W \u015awi\u0119tokrzyskim znajduje si\u0119\u00a0miejscowo\u015b\u0107 s\u0142yn\u0105ca z kawa\u0142\u00f3w. <strong>W\u0105chock<\/strong>, oczywi\u015bcie poza so\u0142tysem, znany jest z klasztoru cysterskiego z XII wieku. Na terenie przybytku\u00a0mie\u015bci si\u0119 malutkie muzeum patriotyczne oraz sad z ogrodem. Warto zajrze\u0107 do kawiarni\u00a0serwuj\u0105cej smaczne pierogi i wypiekane na miejscu ciasta oraz ciasteczka.<\/p>\n<div id=\"attachment_7128\" style=\"width: 510px\" class=\"wp-caption aligncenter\"><img loading=\"lazy\" decoding=\"async\" aria-describedby=\"caption-attachment-7128\" class=\"size-full wp-image-7128\" src=\"https:\/\/kuchniokracja.hanami.pl\/wp-content\/uploads\/2016\/07\/i1.jpg\" alt=\"Zamek w I\u0142\u017cy, Fot. Hanami\" width=\"500\" height=\"750\" srcset=\"https:\/\/kuchniokracja.hanami.pl\/wp-content\/uploads\/2016\/07\/i1.jpg 500w, https:\/\/kuchniokracja.hanami.pl\/wp-content\/uploads\/2016\/07\/i1-1x1.jpg 1w\" sizes=\"auto, (max-width: 500px) 100vw, 500px\" \/><p id=\"caption-attachment-7128\" class=\"wp-caption-text\">Zamek w I\u0142\u017cy<\/p><\/div>\n<div id=\"attachment_7131\" style=\"width: 510px\" class=\"wp-caption aligncenter\"><img loading=\"lazy\" decoding=\"async\" aria-describedby=\"caption-attachment-7131\" class=\"size-full wp-image-7131\" src=\"https:\/\/kuchniokracja.hanami.pl\/wp-content\/uploads\/2016\/07\/i2.jpg\" alt=\"Kolegiata \u015bw. Marcina, Fot. Hanami\" width=\"500\" height=\"750\" srcset=\"https:\/\/kuchniokracja.hanami.pl\/wp-content\/uploads\/2016\/07\/i2.jpg 500w, https:\/\/kuchniokracja.hanami.pl\/wp-content\/uploads\/2016\/07\/i2-1x1.jpg 1w\" sizes=\"auto, (max-width: 500px) 100vw, 500px\" \/><p id=\"caption-attachment-7131\" class=\"wp-caption-text\">Kolegiata \u015bw. Marcina, Opat\u00f3w<\/p><\/div>\n<div id=\"attachment_7135\" style=\"width: 610px\" class=\"wp-caption aligncenter\"><img loading=\"lazy\" decoding=\"async\" aria-describedby=\"caption-attachment-7135\" class=\"size-full wp-image-7135\" src=\"https:\/\/kuchniokracja.hanami.pl\/wp-content\/uploads\/2016\/07\/i3.jpg\" alt=\"Park Dinozaur\u00f3w, Ba\u0142t\u00f3w, Fot. Hanami\" width=\"600\" height=\"400\" srcset=\"https:\/\/kuchniokracja.hanami.pl\/wp-content\/uploads\/2016\/07\/i3.jpg 600w, https:\/\/kuchniokracja.hanami.pl\/wp-content\/uploads\/2016\/07\/i3-595x397.jpg 595w, https:\/\/kuchniokracja.hanami.pl\/wp-content\/uploads\/2016\/07\/i3-2x1.jpg 2w\" sizes=\"auto, (max-width: 600px) 100vw, 600px\" \/><p id=\"caption-attachment-7135\" class=\"wp-caption-text\">Park Dinozaur\u00f3w, Ba\u0142t\u00f3w<\/p><\/div>\n<div id=\"attachment_7136\" style=\"width: 610px\" class=\"wp-caption aligncenter\"><img loading=\"lazy\" decoding=\"async\" aria-describedby=\"caption-attachment-7136\" class=\"size-full wp-image-7136\" src=\"https:\/\/kuchniokracja.hanami.pl\/wp-content\/uploads\/2016\/07\/i4.jpg\" alt=\"Ruiny zamku magnackiego, \u0106miel\u00f3w, Fot. Hanami\" width=\"600\" height=\"400\" srcset=\"https:\/\/kuchniokracja.hanami.pl\/wp-content\/uploads\/2016\/07\/i4.jpg 600w, https:\/\/kuchniokracja.hanami.pl\/wp-content\/uploads\/2016\/07\/i4-595x397.jpg 595w, https:\/\/kuchniokracja.hanami.pl\/wp-content\/uploads\/2016\/07\/i4-2x1.jpg 2w\" sizes=\"auto, (max-width: 600px) 100vw, 600px\" \/><p id=\"caption-attachment-7136\" class=\"wp-caption-text\">Ruiny zamku magnackiego, \u0106miel\u00f3w<\/p><\/div>\n<div id=\"attachment_7137\" style=\"width: 510px\" class=\"wp-caption aligncenter\"><img loading=\"lazy\" decoding=\"async\" aria-describedby=\"caption-attachment-7137\" class=\"size-full wp-image-7137\" src=\"https:\/\/kuchniokracja.hanami.pl\/wp-content\/uploads\/2016\/07\/i5.jpg\" alt=\"Zesp\u00f3\u0142 ko\u015bcielno-klasztorny cysters\u00f3w, W\u0105chock\" width=\"500\" height=\"750\" srcset=\"https:\/\/kuchniokracja.hanami.pl\/wp-content\/uploads\/2016\/07\/i5.jpg 500w, https:\/\/kuchniokracja.hanami.pl\/wp-content\/uploads\/2016\/07\/i5-1x1.jpg 1w\" sizes=\"auto, (max-width: 500px) 100vw, 500px\" \/><p id=\"caption-attachment-7137\" class=\"wp-caption-text\">Zesp\u00f3\u0142 ko\u015bcielno-klasztorny cysters\u00f3w, W\u0105chock<\/p><\/div>\n","protected":false},"excerpt":{"rendered":"<p>Lubi\u0119 kr\u00f3tkie wyjazdy w Polsk\u0119. Szukam nowych miejsc, ruin zamk\u00f3w, lokalizacji urzekaj\u0105cych pi\u0119knem przyrody oraz dobrego jedzenia (o jedzeniu b\u0119dzie jeszcze oddzielny wpis). Tym razem przewa\u017ca\u0142y ruiny oraz opactwa. Pogoda trafi\u0142a si\u0119 \u015bwietna. Na pocz\u0105tek wyprawy I\u0142\u017ca, a w niej ruiny gotycko-renesansowego zamku biskup\u00f3w. Budowa zamku rozpocz\u0119\u0142a si\u0119 na pocz\u0105tku XIV wieku. Na przestrzeni lat&#8230;<\/p>\n","protected":false},"author":2,"featured_media":0,"comment_status":"open","ping_status":"open","sticky":false,"template":"","format":"standard","meta":{"footnotes":""},"categories":[282],"tags":[1903,112,1902,1901,1905,1900,792,284,1896,1904,1721,1895],"class_list":["post-7127","post","type-post","status-publish","format-standard","hentry","category-podroze-kulinarne","tag-baltow","tag-ciastka","tag-cmielow","tag-ilza","tag-legendy","tag-opatow","tag-pierogi","tag-podroze-kulinarne-2","tag-polska","tag-wachock","tag-wakacje","tag-zamek"],"_links":{"self":[{"href":"https:\/\/kuchniokracja.hanami.pl\/index.php\/wp-json\/wp\/v2\/posts\/7127","targetHints":{"allow":["GET"]}}],"collection":[{"href":"https:\/\/kuchniokracja.hanami.pl\/index.php\/wp-json\/wp\/v2\/posts"}],"about":[{"href":"https:\/\/kuchniokracja.hanami.pl\/index.php\/wp-json\/wp\/v2\/types\/post"}],"author":[{"embeddable":true,"href":"https:\/\/kuchniokracja.hanami.pl\/index.php\/wp-json\/wp\/v2\/users\/2"}],"replies":[{"embeddable":true,"href":"https:\/\/kuchniokracja.hanami.pl\/index.php\/wp-json\/wp\/v2\/comments?post=7127"}],"version-history":[{"count":6,"href":"https:\/\/kuchniokracja.hanami.pl\/index.php\/wp-json\/wp\/v2\/posts\/7127\/revisions"}],"predecessor-version":[{"id":7138,"href":"https:\/\/kuchniokracja.hanami.pl\/index.php\/wp-json\/wp\/v2\/posts\/7127\/revisions\/7138"}],"wp:attachment":[{"href":"https:\/\/kuchniokracja.hanami.pl\/index.php\/wp-json\/wp\/v2\/media?parent=7127"}],"wp:term":[{"taxonomy":"category","embeddable":true,"href":"https:\/\/kuchniokracja.hanami.pl\/index.php\/wp-json\/wp\/v2\/categories?post=7127"},{"taxonomy":"post_tag","embeddable":true,"href":"https:\/\/kuchniokracja.hanami.pl\/index.php\/wp-json\/wp\/v2\/tags?post=7127"}],"curies":[{"name":"wp","href":"https:\/\/api.w.org\/{rel}","templated":true}]}}