{"id":7613,"date":"2017-06-27T07:05:19","date_gmt":"2017-06-27T05:05:19","guid":{"rendered":"http:\/\/www.kuchniokracja.hanami.pl\/?p=7613"},"modified":"2017-06-25T12:20:02","modified_gmt":"2017-06-25T10:20:02","slug":"makaron-ze-szparagami-i-czosnkiem","status":"publish","type":"post","link":"https:\/\/kuchniokracja.hanami.pl\/index.php\/makaron-ze-szparagami-i-czosnkiem\/","title":{"rendered":"Makaron ze szparagami i czosnkiem"},"content":{"rendered":"<div itemscope itemtype=\"http:\/\/schema.org\/Recipe\" style=\"text-align: justify;\">\n<p style=\"text-align: justify;\">Ju\u017c nied\u0142ugo nie b\u0119dzie <strong>szparag\u00f3w<\/strong>. Na zako\u0144czenie sezonu przygotowa\u0142am zatem proste danie z makaronem.<\/p>\n<h2 style=\"font-size: 16px; text-align: justify;\"><span itemprop=\"name\"><strong>Makaron ze szparagami i czosnkiem<\/span> &#8211; przepis:<\/strong><\/h2>\n<p><strong><span itemprop=\"ingredients\">p\u0119czek zielonych szparag\u00f3w (najlepiej bardzo cienkich)<\/span><\/strong><br \/>\n<strong><span itemprop=\"ingredients\">3-4 z\u0105bki czosnku<\/span><\/strong><br \/>\n<strong><span itemprop=\"ingredients\">szynka sezonowana<\/span><\/strong><br \/>\n<strong><span itemprop=\"ingredients\">200 g makaronu<\/span><\/strong><br \/>\n<strong><span itemprop=\"ingredients\">200 ml krem\u00f3wki 30%<\/span><\/strong><br \/>\n<strong><span itemprop=\"ingredients\">s\u00f3l, pieprz, estragon<\/span><\/strong><br \/>\n<strong><span itemprop=\"ingredients\">t\u0142uszcz do sma\u017cenia<\/span><\/strong><\/p>\n<p itemprop=\"recipeInstructions\" style=\"text-align: justify;\">Makaron gotujemy zgodnie z instrukcj\u0105 na opakowaniu. Czosnek drobno kroimy i przesma\u017camy. Do czosnku dodajemy szparagi pokrojone na 3-4 cm kawa\u0142ki. Po 2-3 minutach dodajemy krem\u00f3wk\u0119, przyprawy i dusimy pod przykryciem przez 2-3 minuty. Makaron mieszamy ze szparagami i przek\u0142adamy do talerzy. Na wierzchu ka\u017cdej porcji uk\u0142adamy plasterek szynki sezonowanej. <\/p>\n<p><img loading=\"lazy\" decoding=\"async\" src=\"https:\/\/kuchniokracja.hanami.pl\/wp-content\/uploads\/2017\/06\/makaron_szparagi_sos.jpg\" itemprop=\"image\" alt=\"Makaron ze szparagami i czosnkiem, Fot. Hanami\" width=\"500\" height=\"750\" class=\"aligncenter size-full wp-image-7614\" srcset=\"https:\/\/kuchniokracja.hanami.pl\/wp-content\/uploads\/2017\/06\/makaron_szparagi_sos.jpg 500w, https:\/\/kuchniokracja.hanami.pl\/wp-content\/uploads\/2017\/06\/makaron_szparagi_sos-1x1.jpg 1w\" sizes=\"auto, (max-width: 500px) 100vw, 500px\" \/>\n<\/div>\n","protected":false},"excerpt":{"rendered":"<p>Ju\u017c nied\u0142ugo nie b\u0119dzie szparag\u00f3w. Na zako\u0144czenie sezonu przygotowa\u0142am zatem proste danie z makaronem. Makaron ze szparagami i czosnkiem &#8211; przepis: p\u0119czek zielonych szparag\u00f3w (najlepiej bardzo cienkich) 3-4 z\u0105bki czosnku szynka sezonowana 200 g makaronu 200 ml krem\u00f3wki 30% s\u00f3l, pieprz, estragon t\u0142uszcz do sma\u017cenia Makaron gotujemy zgodnie z instrukcj\u0105 na opakowaniu. Czosnek drobno kroimy&#8230;<\/p>\n","protected":false},"author":2,"featured_media":0,"comment_status":"open","ping_status":"open","sticky":false,"template":"","format":"standard","meta":{"footnotes":""},"categories":[64],"tags":[790,964,69,237,12,218,1258],"class_list":["post-7613","post","type-post","status-publish","format-standard","hentry","category-kuchnia-fusion","tag-czosnek","tag-kremowka","tag-kuchnia-fusion-2","tag-makaron","tag-przepisy-2","tag-szparagi","tag-szynka-sezonowana"],"_links":{"self":[{"href":"https:\/\/kuchniokracja.hanami.pl\/index.php\/wp-json\/wp\/v2\/posts\/7613","targetHints":{"allow":["GET"]}}],"collection":[{"href":"https:\/\/kuchniokracja.hanami.pl\/index.php\/wp-json\/wp\/v2\/posts"}],"about":[{"href":"https:\/\/kuchniokracja.hanami.pl\/index.php\/wp-json\/wp\/v2\/types\/post"}],"author":[{"embeddable":true,"href":"https:\/\/kuchniokracja.hanami.pl\/index.php\/wp-json\/wp\/v2\/users\/2"}],"replies":[{"embeddable":true,"href":"https:\/\/kuchniokracja.hanami.pl\/index.php\/wp-json\/wp\/v2\/comments?post=7613"}],"version-history":[{"count":2,"href":"https:\/\/kuchniokracja.hanami.pl\/index.php\/wp-json\/wp\/v2\/posts\/7613\/revisions"}],"predecessor-version":[{"id":7616,"href":"https:\/\/kuchniokracja.hanami.pl\/index.php\/wp-json\/wp\/v2\/posts\/7613\/revisions\/7616"}],"wp:attachment":[{"href":"https:\/\/kuchniokracja.hanami.pl\/index.php\/wp-json\/wp\/v2\/media?parent=7613"}],"wp:term":[{"taxonomy":"category","embeddable":true,"href":"https:\/\/kuchniokracja.hanami.pl\/index.php\/wp-json\/wp\/v2\/categories?post=7613"},{"taxonomy":"post_tag","embeddable":true,"href":"https:\/\/kuchniokracja.hanami.pl\/index.php\/wp-json\/wp\/v2\/tags?post=7613"}],"curies":[{"name":"wp","href":"https:\/\/api.w.org\/{rel}","templated":true}]}}