{"id":7808,"date":"2017-11-23T09:04:55","date_gmt":"2017-11-23T08:04:55","guid":{"rendered":"http:\/\/www.kuchniokracja.hanami.pl\/?p=7808"},"modified":"2017-11-23T09:04:55","modified_gmt":"2017-11-23T08:04:55","slug":"salatka-rukola-pomidory-koktajlowe-kalarepa-i-papryka","status":"publish","type":"post","link":"https:\/\/kuchniokracja.hanami.pl\/index.php\/salatka-rukola-pomidory-koktajlowe-kalarepa-i-papryka\/","title":{"rendered":"Sa\u0142atka: rukola, pomidory koktajlowe, kalarepa i papryka"},"content":{"rendered":"<div itemscope itemtype=\"http:\/\/schema.org\/Recipe\">\n<p style=\"text-align: justify;\">Do sezonu sa\u0142atkowego jeszcze kilka miesi\u0119cy, ale raz na jaki\u015b czas dobrze jest zje\u015b\u0107 co\u015b zielonego, nawet je\u015bli smak pomidor\u00f3w, nie przypomina tych zbieranych latem.<\/p>\n<h2 style=\"font-size: 16px; text-align: justify;\"><strong><span itemprop=\"name\">Sa\u0142atka: rukola, pomidory koktajlowe, kalarepa i papryka<\/span> &#8211; przepis:<\/strong><\/h2>\n<p><strong><span itemprop=\"ingredients\">rukola<\/span><\/strong><br \/>\n<strong><span itemprop=\"ingredients\">pomidory koktajlowe<\/span><\/strong><br \/>\n<strong><span itemprop=\"ingredients\">kalarepa<\/span><\/strong><br \/>\n<strong><span itemprop=\"ingredients\">papryka<\/span><\/strong><br \/>\n<strong><span itemprop=\"ingredients\">oliwa<\/span><\/strong><br \/>\n<strong><span itemprop=\"ingredients\">s\u00f3l, pieprz, szczypta ulubionych zi\u00f3\u0142<\/span><\/strong><\/p>\n<p czekoladowej=\"recipeInstructions\" style=\"text-align: justify;\">Warzywa myjemy i osuszamy. Pomidory kroimy na \u0107wiartki, papryk\u0119 w kostk\u0119, a kalarep\u0119 w paski. Wszystkie warzywa wrzucamy do miski, skrapiamy oliw\u0105 i doprawiamy do smaku. Podajemy z grzankami lub \u015bwie\u017cym pieczywem.<\/p>\n<p><img loading=\"lazy\" decoding=\"async\" src=\"https:\/\/kuchniokracja.hanami.pl\/wp-content\/uploads\/2017\/11\/salatka_kal_pom.jpg\" itemprop=\"image\" alt=\"Sa\u0142atka: rukola, pomidory koktajlowe, kalarepa i papryka, Fot. Hanami\" width=\"500\" height=\"750\" class=\"aligncenter size-full wp-image-7809\" srcset=\"https:\/\/kuchniokracja.hanami.pl\/wp-content\/uploads\/2017\/11\/salatka_kal_pom.jpg 500w, https:\/\/kuchniokracja.hanami.pl\/wp-content\/uploads\/2017\/11\/salatka_kal_pom-1x1.jpg 1w\" sizes=\"auto, (max-width: 500px) 100vw, 500px\" \/><\/p>\n<\/div>\n","protected":false},"excerpt":{"rendered":"<p>Do sezonu sa\u0142atkowego jeszcze kilka miesi\u0119cy, ale raz na jaki\u015b czas dobrze jest zje\u015b\u0107 co\u015b zielonego, nawet je\u015bli smak pomidor\u00f3w, nie przypomina tych zbieranych latem. Sa\u0142atka: rukola, pomidory koktajlowe, kalarepa i papryka &#8211; przepis: rukola pomidory koktajlowe kalarepa papryka oliwa s\u00f3l, pieprz, szczypta ulubionych zi\u00f3\u0142 Warzywa myjemy i osuszamy. Pomidory kroimy na \u0107wiartki, papryk\u0119 w&#8230;<\/p>\n","protected":false},"author":2,"featured_media":0,"comment_status":"closed","ping_status":"closed","sticky":false,"template":"","format":"standard","meta":{"footnotes":""},"categories":[64],"tags":[678,69,1725,660,1055,12,386,230],"class_list":["post-7808","post","type-post","status-publish","format-standard","hentry","category-kuchnia-fusion","tag-kalarepa","tag-kuchnia-fusion-2","tag-oliwa","tag-papryka","tag-pomidory-koktajlowe","tag-przepisy-2","tag-rukola","tag-salatka"],"_links":{"self":[{"href":"https:\/\/kuchniokracja.hanami.pl\/index.php\/wp-json\/wp\/v2\/posts\/7808","targetHints":{"allow":["GET"]}}],"collection":[{"href":"https:\/\/kuchniokracja.hanami.pl\/index.php\/wp-json\/wp\/v2\/posts"}],"about":[{"href":"https:\/\/kuchniokracja.hanami.pl\/index.php\/wp-json\/wp\/v2\/types\/post"}],"author":[{"embeddable":true,"href":"https:\/\/kuchniokracja.hanami.pl\/index.php\/wp-json\/wp\/v2\/users\/2"}],"replies":[{"embeddable":true,"href":"https:\/\/kuchniokracja.hanami.pl\/index.php\/wp-json\/wp\/v2\/comments?post=7808"}],"version-history":[{"count":2,"href":"https:\/\/kuchniokracja.hanami.pl\/index.php\/wp-json\/wp\/v2\/posts\/7808\/revisions"}],"predecessor-version":[{"id":7811,"href":"https:\/\/kuchniokracja.hanami.pl\/index.php\/wp-json\/wp\/v2\/posts\/7808\/revisions\/7811"}],"wp:attachment":[{"href":"https:\/\/kuchniokracja.hanami.pl\/index.php\/wp-json\/wp\/v2\/media?parent=7808"}],"wp:term":[{"taxonomy":"category","embeddable":true,"href":"https:\/\/kuchniokracja.hanami.pl\/index.php\/wp-json\/wp\/v2\/categories?post=7808"},{"taxonomy":"post_tag","embeddable":true,"href":"https:\/\/kuchniokracja.hanami.pl\/index.php\/wp-json\/wp\/v2\/tags?post=7808"}],"curies":[{"name":"wp","href":"https:\/\/api.w.org\/{rel}","templated":true}]}}