{"id":7930,"date":"2018-03-05T07:11:41","date_gmt":"2018-03-05T06:11:41","guid":{"rendered":"http:\/\/www.kuchniokracja.hanami.pl\/?p=7930"},"modified":"2018-12-08T15:17:23","modified_gmt":"2018-12-08T14:17:23","slug":"wiosenne-porzadki","status":"publish","type":"post","link":"https:\/\/kuchniokracja.hanami.pl\/index.php\/wiosenne-porzadki\/","title":{"rendered":"Wiosenne porz\u0105dki"},"content":{"rendered":"<p style=\"text-align: justify;\">Na zewn\u0105trz ci\u0105gle jeszcze zimno, ale ja czuj\u0119 ju\u017c nadchodz\u0105c\u0105 wiosn\u0119. Ta pora roku, to dla mnie przede wszystkim czas porz\u0105dk\u00f3w. Od ponad dw\u00f3ch lat sukcesywnie staram si\u0119 pozbywa\u0107 przedmiot\u00f3w, kt\u00f3re nie s\u0105 mi potrzebne i bardzo d\u0142ugo zastanawiam si\u0119 zanim kupi\u0119 co\u015b nowego. Mimo \u017ce w szafach w ka\u017cdej cz\u0119\u015bci domu zrobi\u0142o si\u0119 dodatkowe miejsce, to mam wra\u017cenie, \u017ce jeszcze d\u0142uga droga przede mn\u0105. <\/p>\n<p style=\"text-align: justify;\">\nNajwi\u0119ksz\u0105 rewolucj\u0119 ostatnio zrobi\u0142am w dziale sprz\u0119t\u00f3w kuchennych zwi\u0105zanych z wypiekami. Ciasta oraz desery uwielbiam robi\u0107 od zawsze i pewnie gdybym mia\u0142a zawodowo zajmowa\u0107 si\u0119 gotowaniem by\u0142abym cukiernikiem. Kilkadziesi\u0105t foremek, kilkana\u015bcie brytfanek i jeszcze wi\u0119cej utensyli\u00f3w do tort\u00f3w angielskich, kt\u00f3rych ostatnio praktycznie nie robi\u0119. Po sprz\u0105taniu wszystko, co najwa\u017cniejsze zmie\u015bci\u0142o si\u0119 na dw\u00f3ch p\u00f3\u0142kach. Tylko z ceramik\u0105 i kubkami jest mi trudno si\u0119 rozsta\u0107.  <\/p>\n<p style=\"text-align: justify;\">Do \u015bwi\u0105t zosta\u0142o jeszcze troch\u0119 czasu. Po kuchni czas przejrze\u0107 szafy, powoli przygotowa\u0107 si\u0119 do zmiany garderoby. Nast\u0119pny w kolejce czeka balkon, ale dopiero jak zrobi si\u0119 troch\u0119 cieplej. Ju\u017c nie mog\u0119 si\u0119 doczeka\u0107 a\u017c zaczn\u0105 kwitn\u0105\u0107 poziomki.   <\/p>\n<p><img loading=\"lazy\" decoding=\"async\" src=\"https:\/\/kuchniokracja.hanami.pl\/wp-content\/uploads\/2018\/03\/kwiaty.jpg\" alt=\"Kwiaty, Fot. Hanami\" width=\"500\" height=\"750\" class=\"aligncenter size-full wp-image-7937\" srcset=\"https:\/\/kuchniokracja.hanami.pl\/wp-content\/uploads\/2018\/03\/kwiaty.jpg 500w, https:\/\/kuchniokracja.hanami.pl\/wp-content\/uploads\/2018\/03\/kwiaty-1x1.jpg 1w\" sizes=\"auto, (max-width: 500px) 100vw, 500px\" \/><\/p>\n","protected":false},"excerpt":{"rendered":"<p>Na zewn\u0105trz ci\u0105gle jeszcze zimno, ale ja czuj\u0119 ju\u017c nadchodz\u0105c\u0105 wiosn\u0119. Ta pora roku, to dla mnie przede wszystkim czas porz\u0105dk\u00f3w. Od ponad dw\u00f3ch lat sukcesywnie staram si\u0119 pozbywa\u0107 przedmiot\u00f3w, kt\u00f3re nie s\u0105 mi potrzebne i bardzo d\u0142ugo zastanawiam si\u0119 zanim kupi\u0119 co\u015b nowego. Mimo \u017ce w szafach w ka\u017cdej cz\u0119\u015bci domu zrobi\u0142o si\u0119 dodatkowe&#8230;<\/p>\n","protected":false},"author":2,"featured_media":0,"comment_status":"closed","ping_status":"closed","sticky":false,"template":"","format":"standard","meta":{"footnotes":""},"categories":[2268],"tags":[2171,279,1876,2170],"class_list":["post-7930","post","type-post","status-publish","format-standard","hentry","category-dom-i-design","tag-balkon","tag-kuchnia","tag-sprzatanie","tag-wiosna"],"_links":{"self":[{"href":"https:\/\/kuchniokracja.hanami.pl\/index.php\/wp-json\/wp\/v2\/posts\/7930","targetHints":{"allow":["GET"]}}],"collection":[{"href":"https:\/\/kuchniokracja.hanami.pl\/index.php\/wp-json\/wp\/v2\/posts"}],"about":[{"href":"https:\/\/kuchniokracja.hanami.pl\/index.php\/wp-json\/wp\/v2\/types\/post"}],"author":[{"embeddable":true,"href":"https:\/\/kuchniokracja.hanami.pl\/index.php\/wp-json\/wp\/v2\/users\/2"}],"replies":[{"embeddable":true,"href":"https:\/\/kuchniokracja.hanami.pl\/index.php\/wp-json\/wp\/v2\/comments?post=7930"}],"version-history":[{"count":8,"href":"https:\/\/kuchniokracja.hanami.pl\/index.php\/wp-json\/wp\/v2\/posts\/7930\/revisions"}],"predecessor-version":[{"id":7939,"href":"https:\/\/kuchniokracja.hanami.pl\/index.php\/wp-json\/wp\/v2\/posts\/7930\/revisions\/7939"}],"wp:attachment":[{"href":"https:\/\/kuchniokracja.hanami.pl\/index.php\/wp-json\/wp\/v2\/media?parent=7930"}],"wp:term":[{"taxonomy":"category","embeddable":true,"href":"https:\/\/kuchniokracja.hanami.pl\/index.php\/wp-json\/wp\/v2\/categories?post=7930"},{"taxonomy":"post_tag","embeddable":true,"href":"https:\/\/kuchniokracja.hanami.pl\/index.php\/wp-json\/wp\/v2\/tags?post=7930"}],"curies":[{"name":"wp","href":"https:\/\/api.w.org\/{rel}","templated":true}]}}