{"id":8310,"date":"2018-12-13T07:21:53","date_gmt":"2018-12-13T06:21:53","guid":{"rendered":"http:\/\/www.kuchniokracja.hanami.pl\/?p=8310"},"modified":"2018-12-12T16:56:52","modified_gmt":"2018-12-12T15:56:52","slug":"sledzie-z-cebula-papryka-i-koperkiem","status":"publish","type":"post","link":"https:\/\/kuchniokracja.hanami.pl\/index.php\/sledzie-z-cebula-papryka-i-koperkiem\/","title":{"rendered":"\u015aledzie z cebul\u0105, papryk\u0105 i koperkiem"},"content":{"rendered":"<div itemscope itemtype=\"http:\/\/schema.org\/Recipe\" style=\"text-align: justify;\">\n<p style=\"text-align: justify;\"> <strong>\u015aledzie<\/strong>, to obowi\u0105zkowy produkt na wigilijnym stole. Poni\u017cej prosty przepis na ich przygotowanie. <\/p>\n<h2 style=\"font-size: 16px; text-align: justify;\"><strong> <span itemprop=\"name\">\u015aledzie z cebul\u0105, papryk\u0105 i koperkiem<\/span> &#8211; przepis:<\/strong><\/h2>\n<p><strong><span itemprop=\"ingredients\"> \u015bledzie w oleju<\/span><\/strong><br \/>\n<strong><span itemprop=\"ingredients\"> papryka czerwona<\/span><\/strong><br \/>\n<strong><span itemprop=\"ingredients\"> czerwona cebula<\/span><\/strong><br \/>\n<strong><span itemprop=\"ingredients\"> koperek<\/span><\/strong><br \/>\n<strong><span itemprop=\"ingredients\"> ziele angielskie <\/span><\/strong><br \/>\n<strong><span itemprop=\"ingredients\"> li\u015b\u0107 laurowy<\/span><\/strong><br \/>\n<strong><span itemprop=\"ingredients\"> pieprz bia\u0142y<\/span><\/strong><\/p>\n<p itemprop=\"recipeInstructions\" style=\"text-align: justify;\">\u015aledzie w oleju kroimy na ma\u0142e kawa\u0142ki i wrzucamy do miski (dodajemy tez olej). Dodajemy li\u015b\u0107 laurowy, pieprz i 2-3 ziarna ziela angielskiego. Odstawiamy do lod\u00f3wki na 2-3 godziny. Cebul\u0119 i papryk\u0119 drobno kroimy. Koperek siekamy. Warzywa dodajemy do \u015bledzi i dok\u0142adnie mieszamy. \u015aledzie podajemy z razowym pieczywem.<\/p>\n<p><img loading=\"lazy\" decoding=\"async\" src=\"https:\/\/kuchniokracja.hanami.pl\/wp-content\/uploads\/2018\/12\/sledzie_papryka_koperek.jpg\" itemprop=\"image\" alt=\"\u015aledzie z cebul\u0105, papryk\u0105 i koperkiem, Fot. Hanami\" width=\"500\" height=\"754\" class=\"aligncenter size-full wp-image-8313\" srcset=\"https:\/\/kuchniokracja.hanami.pl\/wp-content\/uploads\/2018\/12\/sledzie_papryka_koperek.jpg 500w, https:\/\/kuchniokracja.hanami.pl\/wp-content\/uploads\/2018\/12\/sledzie_papryka_koperek-1x1.jpg 1w\" sizes=\"auto, (max-width: 500px) 100vw, 500px\" \/>\n<\/div>\n","protected":false},"excerpt":{"rendered":"<p>\u015aledzie, to obowi\u0105zkowy produkt na wigilijnym stole. Poni\u017cej prosty przepis na ich przygotowanie. \u015aledzie z cebul\u0105, papryk\u0105 i koperkiem &#8211; przepis: \u015bledzie w oleju papryka czerwona czerwona cebula koperek ziele angielskie li\u015b\u0107 laurowy pieprz bia\u0142y \u015aledzie w oleju kroimy na ma\u0142e kawa\u0142ki i wrzucamy do miski (dodajemy tez olej). Dodajemy li\u015b\u0107 laurowy, pieprz i 2-3&#8230;<\/p>\n","protected":false},"author":2,"featured_media":0,"comment_status":"closed","ping_status":"closed","sticky":false,"template":"","format":"standard","meta":{"footnotes":""},"categories":[64],"tags":[594,703,660,12,1302,604,1299],"class_list":["post-8310","post","type-post","status-publish","format-standard","hentry","category-kuchnia-fusion","tag-cebula","tag-koperek","tag-papryka","tag-przepisy-2","tag-sledzie","tag-swieta","tag-wigilia"],"_links":{"self":[{"href":"https:\/\/kuchniokracja.hanami.pl\/index.php\/wp-json\/wp\/v2\/posts\/8310","targetHints":{"allow":["GET"]}}],"collection":[{"href":"https:\/\/kuchniokracja.hanami.pl\/index.php\/wp-json\/wp\/v2\/posts"}],"about":[{"href":"https:\/\/kuchniokracja.hanami.pl\/index.php\/wp-json\/wp\/v2\/types\/post"}],"author":[{"embeddable":true,"href":"https:\/\/kuchniokracja.hanami.pl\/index.php\/wp-json\/wp\/v2\/users\/2"}],"replies":[{"embeddable":true,"href":"https:\/\/kuchniokracja.hanami.pl\/index.php\/wp-json\/wp\/v2\/comments?post=8310"}],"version-history":[{"count":3,"href":"https:\/\/kuchniokracja.hanami.pl\/index.php\/wp-json\/wp\/v2\/posts\/8310\/revisions"}],"predecessor-version":[{"id":8314,"href":"https:\/\/kuchniokracja.hanami.pl\/index.php\/wp-json\/wp\/v2\/posts\/8310\/revisions\/8314"}],"wp:attachment":[{"href":"https:\/\/kuchniokracja.hanami.pl\/index.php\/wp-json\/wp\/v2\/media?parent=8310"}],"wp:term":[{"taxonomy":"category","embeddable":true,"href":"https:\/\/kuchniokracja.hanami.pl\/index.php\/wp-json\/wp\/v2\/categories?post=8310"},{"taxonomy":"post_tag","embeddable":true,"href":"https:\/\/kuchniokracja.hanami.pl\/index.php\/wp-json\/wp\/v2\/tags?post=8310"}],"curies":[{"name":"wp","href":"https:\/\/api.w.org\/{rel}","templated":true}]}}