{"id":8379,"date":"2019-02-16T07:11:50","date_gmt":"2019-02-16T06:11:50","guid":{"rendered":"http:\/\/www.kuchniokracja.hanami.pl\/?p=8379"},"modified":"2019-02-15T21:16:05","modified_gmt":"2019-02-15T20:16:05","slug":"slowenia","status":"publish","type":"post","link":"https:\/\/kuchniokracja.hanami.pl\/index.php\/slowenia\/","title":{"rendered":"S\u0142owenia"},"content":{"rendered":"<p style=\"text-align: justify;\">S\u0142owenia ju\u017c od jakiego\u015b czasu chodzi\u0142a mi po g\u0142owie. To niewielki kraj, ale pe\u0142en urokliwych zak\u0105tk\u00f3w. Mo\u017cna podziwia\u0107 tam g\u00f3rskie widoki i za\u0142apa\u0107 si\u0119 na ciep\u0142\u0105 bryz\u0119 (nawet w lutym) nad Morzem \u015ar\u00f3dziemnym. Jest co zobaczy\u0107 i gdzie zje\u015b\u0107. Jednym z ciekawych miejsc jest jezioro <strong>Bled<\/strong> i jego okolice. Wed\u0142ug legendy dawniej nie by\u0142o zbiornika wodnego, tylko pi\u0119kna dolina z mi\u0119kk\u0105 traw\u0105, na kt\u00f3rej lubi\u0142y ta\u0144czy\u0107 wr\u00f3\u017cki. Nieziemskie istoty poprosi\u0142y pasterza, by nie pas\u0142 tam byd\u0142a, ale m\u0119\u017cczyzna nie pos\u0142ucha\u0142. Za kar\u0119 dolin\u0119 zala\u0142a woda zostawiaj\u0105c na powierzchni jedynie niewielk\u0105 wysepk\u0119. Dzi\u015b na wyspie znajduje si\u0119 ko\u015bci\u00f3\u0142 pod wezwaniem Wniebowzi\u0119cia Marii Panny. Pi\u0119kny widok mo\u017cna podziwia\u0107 te\u017c z wznosz\u0105cego si\u0119 na wzg\u00f3rzu <strong>Zamku Bledzkiego<\/strong>. <strong>Bled<\/strong> wygl\u0105da magicznie o ka\u017cdej porze roku i w ka\u017cdych okoliczno\u015bciach pogody. Mnie uda\u0142o uchwyci\u0107 si\u0119 wysp\u0119 w strugach deszczu spowit\u0105 cz\u0119\u015bciowo we mgle.<\/p>\n<p style=\"text-align: justify;\">S\u0142owenia to \u015bwietne miejsce dla wszystkich lubi\u0105cych zwiedza\u0107 \u015bredniowieczne fortyfikacje. Poza wspomnianym wcze\u015bniej <strong>Zamkiem Bledzkim<\/strong> jest jeszcze mi\u0119dzy innymi ten g\u00f3ruj\u0105cy nad Lublan\u0105 (z ob\u0142\u0119dnym widokiem na Alpy), <strong>Zamek Cylejski<\/strong> (w \u015bredniowieczu jeden z najwi\u0119kszych zamk\u00f3w na terytorium S\u0142owenii) czy przyklejona do ska\u0142y budowla w miejscowo\u015bci <strong>Predjama<\/strong> (znajduj\u0105ca si\u0119 w czo\u0142\u00f3wce najpi\u0119kniejszych zamk\u00f3w Europy). W XV wieku <strong>Zamek Predjamski<\/strong> by\u0142 siedzib\u0105 Erazma L\u00fcggera \u2013 lokalnego Robin Hooda. Nieopodal znajduje si\u0119 zjawiskowa jaskinia <strong>Postojna<\/strong>. <\/p>\n<p style=\"text-align: justify;\"> Terytorium, na kt\u00f3rym rozpo\u015bciera si\u0119 <strong>Lublana<\/strong> by\u0142o pod r\u00f3\u017cnymi wp\u0142ywami. Mieszkali tu Wenetowie, Celci, Rzymianie (by\u0142o tu miasto Emona), Frankowie czy S\u0142owianie. Dzi\u015b miasto oferuje wiele atrakcji. Mo\u017cna wybra\u0107 si\u0119 do muze\u00f3w, na spacer po Starym Mie\u015bcie czy skorzysta\u0107 z bogatej oferty gastronomicznej. A je\u015bli znudzi nam si\u0119 widok na Alpy czy miejski gwar zawsze mo\u017cna uciec na po\u0142udniowy zach\u00f3d nad Morze \u015ar\u00f3dziemne. Miejscowo\u015bci <strong>Koper<\/strong> i <strong>Piran<\/strong> przywitaj\u0105 nas ciekaw\u0105 architektur\u0105, morsk\u0105 bryz\u0105 i drzewami oliwnymi. W\u0105skie uliczki, sielski po\u0142udniowy klimat i zapach morza unosz\u0105cy si\u0119 w powietrzu gwarantowane.<\/p>\n<p><div id=\"attachment_8386\" style=\"width: 610px\" class=\"wp-caption aligncenter\"><img loading=\"lazy\" decoding=\"async\" aria-describedby=\"caption-attachment-8386\" src=\"https:\/\/kuchniokracja.hanami.pl\/wp-content\/uploads\/2019\/02\/slowenia1.jpg\" alt=\"Bled, S\u0142owenia\" width=\"600\" height=\"400\" class=\"size-full wp-image-8386\" srcset=\"https:\/\/kuchniokracja.hanami.pl\/wp-content\/uploads\/2019\/02\/slowenia1.jpg 600w, https:\/\/kuchniokracja.hanami.pl\/wp-content\/uploads\/2019\/02\/slowenia1-595x397.jpg 595w, https:\/\/kuchniokracja.hanami.pl\/wp-content\/uploads\/2019\/02\/slowenia1-2x1.jpg 2w\" sizes=\"auto, (max-width: 600px) 100vw, 600px\" \/><p id=\"caption-attachment-8386\" class=\"wp-caption-text\">Bled, S\u0142owenia<\/p><\/div><div id=\"attachment_8387\" style=\"width: 610px\" class=\"wp-caption aligncenter\"><img loading=\"lazy\" decoding=\"async\" aria-describedby=\"caption-attachment-8387\" src=\"https:\/\/kuchniokracja.hanami.pl\/wp-content\/uploads\/2019\/02\/slowenia2.jpg\" alt=\"Bled, S\u0142owenia\" width=\"600\" height=\"400\" class=\"size-full wp-image-8387\" srcset=\"https:\/\/kuchniokracja.hanami.pl\/wp-content\/uploads\/2019\/02\/slowenia2.jpg 600w, https:\/\/kuchniokracja.hanami.pl\/wp-content\/uploads\/2019\/02\/slowenia2-595x397.jpg 595w, https:\/\/kuchniokracja.hanami.pl\/wp-content\/uploads\/2019\/02\/slowenia2-2x1.jpg 2w\" sizes=\"auto, (max-width: 600px) 100vw, 600px\" \/><p id=\"caption-attachment-8387\" class=\"wp-caption-text\">Bled, S\u0142owenia<\/p><\/div><div id=\"attachment_8389\" style=\"width: 510px\" class=\"wp-caption aligncenter\"><img loading=\"lazy\" decoding=\"async\" aria-describedby=\"caption-attachment-8389\" src=\"https:\/\/kuchniokracja.hanami.pl\/wp-content\/uploads\/2019\/02\/slowenia3.jpg\" alt=\"Lublana, S\u0142owenia\" width=\"500\" height=\"750\" class=\"size-full wp-image-8389\" srcset=\"https:\/\/kuchniokracja.hanami.pl\/wp-content\/uploads\/2019\/02\/slowenia3.jpg 500w, https:\/\/kuchniokracja.hanami.pl\/wp-content\/uploads\/2019\/02\/slowenia3-1x1.jpg 1w\" sizes=\"auto, (max-width: 500px) 100vw, 500px\" \/><p id=\"caption-attachment-8389\" class=\"wp-caption-text\">Lublana, S\u0142owenia<\/p><\/div><div id=\"attachment_8390\" style=\"width: 510px\" class=\"wp-caption aligncenter\"><img loading=\"lazy\" decoding=\"async\" aria-describedby=\"caption-attachment-8390\" src=\"https:\/\/kuchniokracja.hanami.pl\/wp-content\/uploads\/2019\/02\/slowenia4.jpg\" alt=\"Lublana, S\u0142owenia\" width=\"500\" height=\"750\" class=\"size-full wp-image-8390\" srcset=\"https:\/\/kuchniokracja.hanami.pl\/wp-content\/uploads\/2019\/02\/slowenia4.jpg 500w, https:\/\/kuchniokracja.hanami.pl\/wp-content\/uploads\/2019\/02\/slowenia4-1x1.jpg 1w\" sizes=\"auto, (max-width: 500px) 100vw, 500px\" \/><p id=\"caption-attachment-8390\" class=\"wp-caption-text\">Lublana, S\u0142owenia<\/p><\/div><div id=\"attachment_8391\" style=\"width: 510px\" class=\"wp-caption aligncenter\"><img loading=\"lazy\" decoding=\"async\" aria-describedby=\"caption-attachment-8391\" src=\"https:\/\/kuchniokracja.hanami.pl\/wp-content\/uploads\/2019\/02\/slowenia5.jpg\" alt=\"Lublana, S\u0142owenia\" width=\"500\" height=\"750\" class=\"size-full wp-image-8391\" srcset=\"https:\/\/kuchniokracja.hanami.pl\/wp-content\/uploads\/2019\/02\/slowenia5.jpg 500w, https:\/\/kuchniokracja.hanami.pl\/wp-content\/uploads\/2019\/02\/slowenia5-1x1.jpg 1w\" sizes=\"auto, (max-width: 500px) 100vw, 500px\" \/><p id=\"caption-attachment-8391\" class=\"wp-caption-text\">Lublana, S\u0142owenia<\/p><\/div><div id=\"attachment_8392\" style=\"width: 510px\" class=\"wp-caption aligncenter\"><img loading=\"lazy\" decoding=\"async\" aria-describedby=\"caption-attachment-8392\" src=\"https:\/\/kuchniokracja.hanami.pl\/wp-content\/uploads\/2019\/02\/slowenia6.jpg\" alt=\"Lublana, S\u0142owenia\" width=\"500\" height=\"750\" class=\"size-full wp-image-8392\" srcset=\"https:\/\/kuchniokracja.hanami.pl\/wp-content\/uploads\/2019\/02\/slowenia6.jpg 500w, https:\/\/kuchniokracja.hanami.pl\/wp-content\/uploads\/2019\/02\/slowenia6-1x1.jpg 1w\" sizes=\"auto, (max-width: 500px) 100vw, 500px\" \/><p id=\"caption-attachment-8392\" class=\"wp-caption-text\">Lublana, S\u0142owenia<\/p><\/div><div id=\"attachment_8393\" style=\"width: 610px\" class=\"wp-caption aligncenter\"><img loading=\"lazy\" decoding=\"async\" aria-describedby=\"caption-attachment-8393\" src=\"https:\/\/kuchniokracja.hanami.pl\/wp-content\/uploads\/2019\/02\/slowenia7.jpg\" alt=\"Lublana, S\u0142owenia\" width=\"600\" height=\"400\" class=\"size-full wp-image-8393\" srcset=\"https:\/\/kuchniokracja.hanami.pl\/wp-content\/uploads\/2019\/02\/slowenia7.jpg 600w, https:\/\/kuchniokracja.hanami.pl\/wp-content\/uploads\/2019\/02\/slowenia7-595x397.jpg 595w, https:\/\/kuchniokracja.hanami.pl\/wp-content\/uploads\/2019\/02\/slowenia7-2x1.jpg 2w\" sizes=\"auto, (max-width: 600px) 100vw, 600px\" \/><p id=\"caption-attachment-8393\" class=\"wp-caption-text\">Lublana, S\u0142owenia<\/p><\/div><div id=\"attachment_8394\" style=\"width: 510px\" class=\"wp-caption aligncenter\"><img loading=\"lazy\" decoding=\"async\" aria-describedby=\"caption-attachment-8394\" src=\"https:\/\/kuchniokracja.hanami.pl\/wp-content\/uploads\/2019\/02\/slowenia8.jpg\" alt=\"Piran, S\u0142owenia\" width=\"500\" height=\"750\" class=\"size-full wp-image-8394\" srcset=\"https:\/\/kuchniokracja.hanami.pl\/wp-content\/uploads\/2019\/02\/slowenia8.jpg 500w, https:\/\/kuchniokracja.hanami.pl\/wp-content\/uploads\/2019\/02\/slowenia8-1x1.jpg 1w\" sizes=\"auto, (max-width: 500px) 100vw, 500px\" \/><p id=\"caption-attachment-8394\" class=\"wp-caption-text\">Piran, S\u0142owenia<\/p><\/div><div id=\"attachment_8395\" style=\"width: 510px\" class=\"wp-caption aligncenter\"><img loading=\"lazy\" decoding=\"async\" aria-describedby=\"caption-attachment-8395\" src=\"https:\/\/kuchniokracja.hanami.pl\/wp-content\/uploads\/2019\/02\/slowenia9.jpg\" alt=\"Piran, S\u0142owenia\" width=\"500\" height=\"750\" class=\"size-full wp-image-8395\" srcset=\"https:\/\/kuchniokracja.hanami.pl\/wp-content\/uploads\/2019\/02\/slowenia9.jpg 500w, https:\/\/kuchniokracja.hanami.pl\/wp-content\/uploads\/2019\/02\/slowenia9-1x1.jpg 1w\" sizes=\"auto, (max-width: 500px) 100vw, 500px\" \/><p id=\"caption-attachment-8395\" class=\"wp-caption-text\">Piran, S\u0142owenia<\/p><\/div><div id=\"attachment_8397\" style=\"width: 510px\" class=\"wp-caption aligncenter\"><img loading=\"lazy\" decoding=\"async\" aria-describedby=\"caption-attachment-8397\" src=\"https:\/\/kuchniokracja.hanami.pl\/wp-content\/uploads\/2019\/02\/slowenia10.jpg\" alt=\"Koper, S\u0142owenia\" width=\"500\" height=\"750\" class=\"size-full wp-image-8397\" srcset=\"https:\/\/kuchniokracja.hanami.pl\/wp-content\/uploads\/2019\/02\/slowenia10.jpg 500w, https:\/\/kuchniokracja.hanami.pl\/wp-content\/uploads\/2019\/02\/slowenia10-1x1.jpg 1w\" sizes=\"auto, (max-width: 500px) 100vw, 500px\" \/><p id=\"caption-attachment-8397\" class=\"wp-caption-text\">Koper, S\u0142owenia<\/p><\/div><div id=\"attachment_8398\" style=\"width: 510px\" class=\"wp-caption aligncenter\"><img loading=\"lazy\" decoding=\"async\" aria-describedby=\"caption-attachment-8398\" src=\"https:\/\/kuchniokracja.hanami.pl\/wp-content\/uploads\/2019\/02\/slowenia11.jpg\" alt=\"Celje, S\u0142owenia\" width=\"500\" height=\"750\" class=\"size-full wp-image-8398\" srcset=\"https:\/\/kuchniokracja.hanami.pl\/wp-content\/uploads\/2019\/02\/slowenia11.jpg 500w, https:\/\/kuchniokracja.hanami.pl\/wp-content\/uploads\/2019\/02\/slowenia11-1x1.jpg 1w\" sizes=\"auto, (max-width: 500px) 100vw, 500px\" \/><p id=\"caption-attachment-8398\" class=\"wp-caption-text\">Celje, S\u0142owenia<\/p><\/div><\/p>\n","protected":false},"excerpt":{"rendered":"<p>S\u0142owenia ju\u017c od jakiego\u015b czasu chodzi\u0142a mi po g\u0142owie. To niewielki kraj, ale pe\u0142en urokliwych zak\u0105tk\u00f3w. Mo\u017cna podziwia\u0107 tam g\u00f3rskie widoki i za\u0142apa\u0107 si\u0119 na ciep\u0142\u0105 bryz\u0119 (nawet w lutym) nad Morzem \u015ar\u00f3dziemnym. Jest co zobaczy\u0107 i gdzie zje\u015b\u0107. Jednym z ciekawych miejsc jest jezioro Bled i jego okolice. Wed\u0142ug legendy dawniej nie by\u0142o zbiornika&#8230;<\/p>\n","protected":false},"author":2,"featured_media":0,"comment_status":"closed","ping_status":"closed","sticky":false,"template":"","format":"standard","meta":{"footnotes":""},"categories":[282],"tags":[2304,2309,2308,2307,2306,687,2301,2305,1722,2299,2302,2303,2300],"class_list":["post-8379","post","type-post","status-publish","format-standard","hentry","category-podroze-kulinarne","tag-bled","tag-emona","tag-erazm-lugger","tag-europa","tag-jaskinia-postojna","tag-koper","tag-lublana","tag-piran","tag-podroze","tag-slowenia","tag-zamek-bledzki","tag-zamek-cylejski","tag-zamek-predjamski"],"_links":{"self":[{"href":"https:\/\/kuchniokracja.hanami.pl\/index.php\/wp-json\/wp\/v2\/posts\/8379","targetHints":{"allow":["GET"]}}],"collection":[{"href":"https:\/\/kuchniokracja.hanami.pl\/index.php\/wp-json\/wp\/v2\/posts"}],"about":[{"href":"https:\/\/kuchniokracja.hanami.pl\/index.php\/wp-json\/wp\/v2\/types\/post"}],"author":[{"embeddable":true,"href":"https:\/\/kuchniokracja.hanami.pl\/index.php\/wp-json\/wp\/v2\/users\/2"}],"replies":[{"embeddable":true,"href":"https:\/\/kuchniokracja.hanami.pl\/index.php\/wp-json\/wp\/v2\/comments?post=8379"}],"version-history":[{"count":3,"href":"https:\/\/kuchniokracja.hanami.pl\/index.php\/wp-json\/wp\/v2\/posts\/8379\/revisions"}],"predecessor-version":[{"id":8388,"href":"https:\/\/kuchniokracja.hanami.pl\/index.php\/wp-json\/wp\/v2\/posts\/8379\/revisions\/8388"}],"wp:attachment":[{"href":"https:\/\/kuchniokracja.hanami.pl\/index.php\/wp-json\/wp\/v2\/media?parent=8379"}],"wp:term":[{"taxonomy":"category","embeddable":true,"href":"https:\/\/kuchniokracja.hanami.pl\/index.php\/wp-json\/wp\/v2\/categories?post=8379"},{"taxonomy":"post_tag","embeddable":true,"href":"https:\/\/kuchniokracja.hanami.pl\/index.php\/wp-json\/wp\/v2\/tags?post=8379"}],"curies":[{"name":"wp","href":"https:\/\/api.w.org\/{rel}","templated":true}]}}