{"id":842,"date":"2012-09-05T10:54:23","date_gmt":"2012-09-05T08:54:23","guid":{"rendered":"http:\/\/www.kuchniokracja.hanami.pl\/?p=842"},"modified":"2013-05-03T19:41:59","modified_gmt":"2013-05-03T17:41:59","slug":"kanapka-dnia","status":"publish","type":"post","link":"https:\/\/kuchniokracja.hanami.pl\/index.php\/kanapka-dnia\/","title":{"rendered":"Kanapka dnia"},"content":{"rendered":"<p style=\"text-align: justify;\">\u015aniadanie to najwa\u017cniejszy posi\u0142ek dnia! &#8211; powtarzaj\u0105 od dawien dawna wszyscy: od rodzic\u00f3w pocz\u0105wszy na dietetykach sko\u0144czywszy. Jak banalnie by to nie brzmia\u0142o, to co\u015b w tym jest. Dzie\u0144 zaczyna si\u0119 o wiele lepiej, kiedy mo\u017cemy zje\u015b\u0107 pyszn\u0105 kanapk\u0119 i wypi\u0107 do niej kubek ulubionej kawy. Polecam tosta z jajkiem, pomidorem, cebul\u0105, domow\u0105 pieczon\u0105 szynk\u0105, odrobin\u0105 majonezu i \u015bwie\u017cymi li\u015b\u0107mi melisy. Przek\u0105ska idealna r\u00f3wnie\u017c na drugie \u015bniadanie. Smacznego i mi\u0142ego dnia!<\/p>\n<p style=\"text-align: justify;\"><a href=\"https:\/\/kuchniokracja.hanami.pl\/wp-content\/uploads\/2012\/09\/kanapka.jpg\"><img loading=\"lazy\" decoding=\"async\" class=\"aligncenter size-full wp-image-843\" title=\"Kanapka z szynk\u0105 pieczon\u0105, Fot. Hanami\u00ae\" src=\"https:\/\/kuchniokracja.hanami.pl\/wp-content\/uploads\/2012\/09\/kanapka.jpg\" alt=\"Kanapka dnia\" width=\"550\" height=\"367\" srcset=\"https:\/\/kuchniokracja.hanami.pl\/wp-content\/uploads\/2012\/09\/kanapka.jpg 550w, https:\/\/kuchniokracja.hanami.pl\/wp-content\/uploads\/2012\/09\/kanapka-300x200.jpg 300w\" sizes=\"auto, (max-width: 550px) 100vw, 550px\" \/><\/a><\/p>\n","protected":false},"excerpt":{"rendered":"<p>\u015aniadanie to najwa\u017cniejszy posi\u0142ek dnia! &#8211; powtarzaj\u0105 od dawien dawna wszyscy: od rodzic\u00f3w pocz\u0105wszy na dietetykach sko\u0144czywszy. Jak banalnie by to nie brzmia\u0142o, to co\u015b w tym jest. Dzie\u0144 zaczyna si\u0119 o wiele lepiej, kiedy mo\u017cemy zje\u015b\u0107 pyszn\u0105 kanapk\u0119 i wypi\u0107 do niej kubek ulubionej kawy. Polecam tosta z jajkiem, pomidorem, cebul\u0105, domow\u0105 pieczon\u0105 szynk\u0105,&#8230;<\/p>\n","protected":false},"author":2,"featured_media":0,"comment_status":"open","ping_status":"closed","sticky":false,"template":"","format":"standard","meta":{"footnotes":""},"categories":[64],"tags":[305,306,307,308],"class_list":["post-842","post","type-post","status-publish","format-standard","hentry","category-kuchnia-fusion","tag-kaapka","tag-sniadanie","tag-szynka-pieczona","tag-tosty"],"_links":{"self":[{"href":"https:\/\/kuchniokracja.hanami.pl\/index.php\/wp-json\/wp\/v2\/posts\/842","targetHints":{"allow":["GET"]}}],"collection":[{"href":"https:\/\/kuchniokracja.hanami.pl\/index.php\/wp-json\/wp\/v2\/posts"}],"about":[{"href":"https:\/\/kuchniokracja.hanami.pl\/index.php\/wp-json\/wp\/v2\/types\/post"}],"author":[{"embeddable":true,"href":"https:\/\/kuchniokracja.hanami.pl\/index.php\/wp-json\/wp\/v2\/users\/2"}],"replies":[{"embeddable":true,"href":"https:\/\/kuchniokracja.hanami.pl\/index.php\/wp-json\/wp\/v2\/comments?post=842"}],"version-history":[{"count":4,"href":"https:\/\/kuchniokracja.hanami.pl\/index.php\/wp-json\/wp\/v2\/posts\/842\/revisions"}],"predecessor-version":[{"id":846,"href":"https:\/\/kuchniokracja.hanami.pl\/index.php\/wp-json\/wp\/v2\/posts\/842\/revisions\/846"}],"wp:attachment":[{"href":"https:\/\/kuchniokracja.hanami.pl\/index.php\/wp-json\/wp\/v2\/media?parent=842"}],"wp:term":[{"taxonomy":"category","embeddable":true,"href":"https:\/\/kuchniokracja.hanami.pl\/index.php\/wp-json\/wp\/v2\/categories?post=842"},{"taxonomy":"post_tag","embeddable":true,"href":"https:\/\/kuchniokracja.hanami.pl\/index.php\/wp-json\/wp\/v2\/tags?post=842"}],"curies":[{"name":"wp","href":"https:\/\/api.w.org\/{rel}","templated":true}]}}