{"id":8622,"date":"2019-08-12T07:26:10","date_gmt":"2019-08-12T05:26:10","guid":{"rendered":"http:\/\/www.kuchniokracja.hanami.pl\/?p=8622"},"modified":"2019-09-01T22:53:30","modified_gmt":"2019-09-01T20:53:30","slug":"do-posluchania-poczytania-i-poogladania","status":"publish","type":"post","link":"https:\/\/kuchniokracja.hanami.pl\/index.php\/do-posluchania-poczytania-i-poogladania\/","title":{"rendered":"Do pos\u0142uchania, poczytania i poogl\u0105dania"},"content":{"rendered":"<p style=\"text-align: justify;\">Du\u017co si\u0119 przez ostatnie dwa miesi\u0105ce dzia\u0142o. Poni\u017cej znajdziecie odno\u015bniki do audycji radiowych, artyku\u0142\u00f3w oraz materia\u0142\u00f3w wideo. Mi\u0142o mi te\u017c poinformowa\u0107, \u017ce <strong>12 wrze\u015bnia<\/strong> 2019 roku odb\u0119dzie si\u0119 w <strong>Warszawie<\/strong> kolejne spotkanie po\u015bwi\u0119cone kuchni fi\u0144skiej. Szczeg\u00f3\u0142y ju\u017c nied\u0142ugo!  <\/p>\n<h2 style=\"text-align: center;\"><span style=\"color: #008000;\"><strong>Kilka odno\u015bnik\u00f3w do tekst\u00f3w, audycji i program\u00f3w<\/strong><\/span><\/h2>\n<h3>\n<p style=\"text-align: center;\"><b><a href=\"http:\/\/pytanienasniadanie.tvp.pl\/43854324\/w-poszukiwaniu-nowych-smakow-turystyka-kulinarna?fbclid=IwAR06I0xixCDjBqIRzjHW9DgcJYPHUG4djGLM1CebtV4Oaf26-uJf9MyDymw\">&#8222;Pytanie na \u015bniadanie&#8221; o turystyce kulinarnej<\/a><br \/>\n<a href=\"https:\/\/www.mojegotowanie.pl\/smak-i-styl\/jak-smakuje-finlandia-opowiada-magdalena-tomaszewska-bolalek?fbclid=IwAR1u-Ehx2y68kMupgBhJpIIeF6c_i4nPkwNVYZDQMEl2wPgOUQ19ARXuEX8\">Jak smakuje Finlandia? &#8211; Moje Gotowanie<\/a><br \/>\n<a href=\"http:\/\/trojmiasto.wyborcza.pl\/trojmiasto\/7,35635,25041318,w-poszukiwaniu-polskiego-street-foodu.html\">W poszukiwaniu polskiego street foodu &#8211; Gazeta Wyborcza Tr\u00f3jmiasto<\/a><br \/>\n<a href=\"https:\/\/www.rdc.pl\/podcast\/mnie-sie-to-podoba-magdalena-tomaszewska-bolalek\/\">O kuchni Po\u0142udniowego Tyrolu &#8211; Radio dla Ciebie<\/b><\/a><br \/>\n<a href=\"https:\/\/www.swps.pl\/centrum-prasowe\/informacje-prasowe\/20235-podroze-kulinarne-sposob-na-lepsze-poznanie-siebie-i-innych?fbclid=IwAR2p0Zs3D4gFjNIiVThDHBqKC1t2p6zMWwUzNLrjyqed_Mia42u5J-xuRrs\"><b>Podr\u00f3\u017ce kulinarne \u2013 spos\u00f3b na lepsze poznanie siebie i innych<\/b><\/a><br \/>\n<a href=\"https:\/\/www.polskieradio.pl\/10\/4339\/Artykul\/2347400,Ogorki-kapusta-a-nawet-mleko-czy-barszcz-Co-i-jak-kisimy\"><b>Og\u00f3rki, kapusta, a nawet mleko czy&#8230; barszcz. Co i jak kisimy? &#8211; Czw\u00f3rka<\/b><\/a><br \/>\n<a href=\"https:\/\/www.polskieradio.pl\/8\/410\/Artykul\/2340491,Finowie-w-kuchni-wyprzedzili-trendy?fbclid=IwAR1C-lMoIo3nQrEpWLuYl5DUWkUCuJvIaX2ZyPH-fugqNFP_Y01SuFHj7f8\"><b>Finowie w kuchni wyprzedzili trendy &#8211; Dw\u00f3jka<\/b><\/a><br \/>\n<a href=\"https:\/\/gotujmy.pl\/wywiad-z-magdalena-tomaszewska-bolalek,artykuly-gwiazda-w-kuchni-artykul,20457.html\"><b>Rozmowa o deserach &#8211; Gotujmy.pl<\/b><\/a><br \/>\n<a href=\"http:\/\/trojmiasto.wyborcza.pl\/trojmiasto\/7,35635,25041318,w-poszukiwaniu-polskiego-street-foodu.html\"><b>Deserownik &#8211; Radio dla Ciebie<\/b><\/a><br \/>\n<a href=\"http:\/\/www.wysokieobcasy.pl\/Instytut\/7,163393,24936001,na-wakacjach-koniecznie-sprobuj-zupy-na-jaskolczych-gniazdach.html?fbclid=IwAR3zfwFfQV9UnkXQqAwW_AgDBz1rV_zE5TA1Kz9wjxpnNDFR_-u-4kGw3FQ\"><b>Na wakacjach koniecznie spr\u00f3buj zupy na jask\u00f3\u0142czych gniazdach lub skorpion\u00f3w: b\u0119dziesz zdrowszy i szcz\u0119\u015bliwszy! &#8211; Wysokie Obcasy<\/b><\/a><br \/>\n<a href=\"https:\/\/www.wprost.pl\/kraj\/10227174\/ser-korycinski-robiony-w-domu-wedlina-z-wlasnej-wedzarni-polacy-maja-dosc-jedzenia-z-supermarketow.html?fbclid=IwAR26Iy-cZEi47robR7yWEvkyyajwFLp1yKu7Tkt60fx11dtKo0l565E9FVg\"><b>Ser koryci\u0144ski robiony w domu, w\u0119dlina z w\u0142asnej w\u0119dzarni. Polacy maj\u0105 do\u015b\u0107 jedzenia z supermarket\u00f3w &#8211; Wprost<\/b><\/a>\n<\/p>\n<p><img loading=\"lazy\" decoding=\"async\" src=\"https:\/\/kuchniokracja.hanami.pl\/wp-content\/uploads\/2019\/08\/kuchnia.jpg\" alt=\"Po\u0142udniowy Tyrol, Fot. Hanami\" width=\"600\" height=\"400\" class=\"aligncenter size-full wp-image-8631\" srcset=\"https:\/\/kuchniokracja.hanami.pl\/wp-content\/uploads\/2019\/08\/kuchnia.jpg 600w, https:\/\/kuchniokracja.hanami.pl\/wp-content\/uploads\/2019\/08\/kuchnia-595x397.jpg 595w, https:\/\/kuchniokracja.hanami.pl\/wp-content\/uploads\/2019\/08\/kuchnia-2x1.jpg 2w\" sizes=\"auto, (max-width: 600px) 100vw, 600px\" \/><br \/>\n<\/h3>\n","protected":false},"excerpt":{"rendered":"<p>Du\u017co si\u0119 przez ostatnie dwa miesi\u0105ce dzia\u0142o. Poni\u017cej znajdziecie odno\u015bniki do audycji radiowych, artyku\u0142\u00f3w oraz materia\u0142\u00f3w wideo. Mi\u0142o mi te\u017c poinformowa\u0107, \u017ce 12 wrze\u015bnia 2019 roku odb\u0119dzie si\u0119 w Warszawie kolejne spotkanie po\u015bwi\u0119cone kuchni fi\u0144skiej. Szczeg\u00f3\u0142y ju\u017c nied\u0142ugo! Kilka odno\u015bnik\u00f3w do tekst\u00f3w, audycji i program\u00f3w &#8222;Pytanie na \u015bniadanie&#8221; o turystyce kulinarnej Jak smakuje Finlandia? &#8211;&#8230;<\/p>\n","protected":false},"author":2,"featured_media":0,"comment_status":"closed","ping_status":"closed","sticky":false,"template":"","format":"standard","meta":{"footnotes":""},"categories":[59,3,282],"tags":[2343,2189,279,2188,498,284,2371,1219,2299,1495],"class_list":["post-8622","post","type-post","status-publish","format-standard","hentry","category-ksiazki","category-kultura-zywieniowa","category-podroze-kulinarne","tag-deserownik","tag-finlandia","tag-kuchnia","tag-kuchnia-nordycka","tag-kultura-kulinarna","tag-podroze-kulinarne-2","tag-poludniowy-tyrol","tag-street-food","tag-slowenia","tag-turystyka-kulinarna"],"_links":{"self":[{"href":"https:\/\/kuchniokracja.hanami.pl\/index.php\/wp-json\/wp\/v2\/posts\/8622","targetHints":{"allow":["GET"]}}],"collection":[{"href":"https:\/\/kuchniokracja.hanami.pl\/index.php\/wp-json\/wp\/v2\/posts"}],"about":[{"href":"https:\/\/kuchniokracja.hanami.pl\/index.php\/wp-json\/wp\/v2\/types\/post"}],"author":[{"embeddable":true,"href":"https:\/\/kuchniokracja.hanami.pl\/index.php\/wp-json\/wp\/v2\/users\/2"}],"replies":[{"embeddable":true,"href":"https:\/\/kuchniokracja.hanami.pl\/index.php\/wp-json\/wp\/v2\/comments?post=8622"}],"version-history":[{"count":10,"href":"https:\/\/kuchniokracja.hanami.pl\/index.php\/wp-json\/wp\/v2\/posts\/8622\/revisions"}],"predecessor-version":[{"id":8633,"href":"https:\/\/kuchniokracja.hanami.pl\/index.php\/wp-json\/wp\/v2\/posts\/8622\/revisions\/8633"}],"wp:attachment":[{"href":"https:\/\/kuchniokracja.hanami.pl\/index.php\/wp-json\/wp\/v2\/media?parent=8622"}],"wp:term":[{"taxonomy":"category","embeddable":true,"href":"https:\/\/kuchniokracja.hanami.pl\/index.php\/wp-json\/wp\/v2\/categories?post=8622"},{"taxonomy":"post_tag","embeddable":true,"href":"https:\/\/kuchniokracja.hanami.pl\/index.php\/wp-json\/wp\/v2\/tags?post=8622"}],"curies":[{"name":"wp","href":"https:\/\/api.w.org\/{rel}","templated":true}]}}