{"id":9147,"date":"2020-08-25T07:10:00","date_gmt":"2020-08-25T05:10:00","guid":{"rendered":"https:\/\/kuchniokracja.hanami.pl\/?p=9147"},"modified":"2020-08-24T19:51:45","modified_gmt":"2020-08-24T17:51:45","slug":"makaron-z-kozim-serem-i-cydrem","status":"publish","type":"post","link":"https:\/\/kuchniokracja.hanami.pl\/index.php\/makaron-z-kozim-serem-i-cydrem\/","title":{"rendered":"Makaron z kozim serem i cydrem"},"content":{"rendered":"<div itemscope=\"\" itemtype=\"http:\/\/schema.org\/Recipe\" style=\"text-align: justify;\">\n<p style=\"text-align: justify;\"> Wakacje maj\u0105 si\u0119 ku ko\u0144cowi, ale ja mam nadziej\u0119, \u017ce jeszcze we wrze\u015bniu pogoda pozwoli jada\u0107 obiady czy kolacje na balkonie. Dzi\u015b w\u0142a\u015bnie przepis idealny dla tych, kt\u00f3rzy nie chc\u0105 sp\u0119dzi\u0107 za du\u017co czasu w kuchni..<\/p>\n<h2 style=\"font-size: 16px; text-align: justify;\"><strong><span itemprop=\"name\"> Makaron z kozim serem i cydrem<\/span> &#8211; przepis:<\/strong><\/h2>\n<p><strong><strong><span itemprop=\"ingredients\">200 g dowolnego makaronu<\/span><\/strong><br \/>\n<strong><strong><span itemprop=\"ingredients\">100-150 g twardego koziego sera (ja u\u017cy\u0142am Nied\u017awiednika, Sery \u0141omnickie) <\/span><\/strong><br \/>\n<strong>100-120 ml krem\u00f3wki<\/strong><br \/>\n<strong><strong><span itemprop=\"ingredients\">odrobina cydru<\/span><\/strong><br \/>\n<strong><span itemprop=\"ingredients\">ulubione \u015bwie\u017ce zio\u0142a<\/span><\/strong><\/strong><\/strong><\/strong><\/p>\n<p><strong><strong><\/strong><\/strong><\/p>\n<p itemprop=\"recipeInstructions\" style=\"text-align: justify;\">Makaron gotujemy zgodnie z instrukcj\u0105 na opakowaniu. Ser \u015bcieramy na tarce z grubymi oczkami. Na patelni podgrzewamy krem\u00f3wk\u0119, dodajemy do niej ser i dok\u0142adnie mieszamy, do momentu a\u017c zrobi si\u0119 sos. Podlewamy odrobin\u0105 cydru i ponownie mieszamy. Sos \u0142\u0105czymy z makaronem. Danie przek\u0142adamy do misek i posypujemy \u015bwie\u017cymi zio\u0142ami. Do makaronu pasuje lampka wytrawnego, zimnego cydru.<\/p>\n<p><strong><strong><\/strong><\/strong><\/p>\n<p><strong><\/strong><\/p>\n<\/div>\n<p><img loading=\"lazy\" decoding=\"async\" class=\"aligncenter size-full wp-image-9148\" src=\"https:\/\/kuchniokracja.hanami.pl\/wp-content\/uploads\/2020\/08\/makaron_ser_kozi_cydr.jpg\" alt=\"Makaron z kozim serem i cydrem, Fot. Hanami\" width=\"500\" height=\"750\" srcset=\"https:\/\/kuchniokracja.hanami.pl\/wp-content\/uploads\/2020\/08\/makaron_ser_kozi_cydr.jpg 500w, https:\/\/kuchniokracja.hanami.pl\/wp-content\/uploads\/2020\/08\/makaron_ser_kozi_cydr-1x1.jpg 1w\" sizes=\"auto, (max-width: 500px) 100vw, 500px\" \/><\/p>\n","protected":false},"excerpt":{"rendered":"<p>Wakacje maj\u0105 si\u0119 ku ko\u0144cowi, ale ja mam nadziej\u0119, \u017ce jeszcze we wrze\u015bniu pogoda pozwoli jada\u0107 obiady czy kolacje na balkonie. Dzi\u015b w\u0142a\u015bnie przepis idealny dla tych, kt\u00f3rzy nie chc\u0105 sp\u0119dzi\u0107 za du\u017co czasu w kuchni.. Makaron z kozim serem i cydrem &#8211; przepis: 200 g dowolnego makaronu 100-150 g twardego koziego sera (ja u\u017cy\u0142am&#8230;<\/p>\n","protected":false},"author":2,"featured_media":0,"comment_status":"closed","ping_status":"closed","sticky":false,"template":"","format":"standard","meta":{"footnotes":""},"categories":[64],"tags":[2148,423,237,12,295,923],"class_list":["post-9147","post","type-post","status-publish","format-standard","hentry","category-kuchnia-fusion","tag-cydr","tag-kozi-ser","tag-makaron","tag-przepisy-2","tag-ser","tag-ziola"],"_links":{"self":[{"href":"https:\/\/kuchniokracja.hanami.pl\/index.php\/wp-json\/wp\/v2\/posts\/9147","targetHints":{"allow":["GET"]}}],"collection":[{"href":"https:\/\/kuchniokracja.hanami.pl\/index.php\/wp-json\/wp\/v2\/posts"}],"about":[{"href":"https:\/\/kuchniokracja.hanami.pl\/index.php\/wp-json\/wp\/v2\/types\/post"}],"author":[{"embeddable":true,"href":"https:\/\/kuchniokracja.hanami.pl\/index.php\/wp-json\/wp\/v2\/users\/2"}],"replies":[{"embeddable":true,"href":"https:\/\/kuchniokracja.hanami.pl\/index.php\/wp-json\/wp\/v2\/comments?post=9147"}],"version-history":[{"count":2,"href":"https:\/\/kuchniokracja.hanami.pl\/index.php\/wp-json\/wp\/v2\/posts\/9147\/revisions"}],"predecessor-version":[{"id":9150,"href":"https:\/\/kuchniokracja.hanami.pl\/index.php\/wp-json\/wp\/v2\/posts\/9147\/revisions\/9150"}],"wp:attachment":[{"href":"https:\/\/kuchniokracja.hanami.pl\/index.php\/wp-json\/wp\/v2\/media?parent=9147"}],"wp:term":[{"taxonomy":"category","embeddable":true,"href":"https:\/\/kuchniokracja.hanami.pl\/index.php\/wp-json\/wp\/v2\/categories?post=9147"},{"taxonomy":"post_tag","embeddable":true,"href":"https:\/\/kuchniokracja.hanami.pl\/index.php\/wp-json\/wp\/v2\/tags?post=9147"}],"curies":[{"name":"wp","href":"https:\/\/api.w.org\/{rel}","templated":true}]}}