{"id":9523,"date":"2022-10-09T16:10:29","date_gmt":"2022-10-09T14:10:29","guid":{"rendered":"https:\/\/kuchniokracja.hanami.pl\/?p=9523"},"modified":"2022-10-09T19:05:43","modified_gmt":"2022-10-09T17:05:43","slug":"kulinarna-podroz-po-krainie-fiordow-i-premiera-ksiazki-tradycje-kulinarne-norwegii","status":"publish","type":"post","link":"https:\/\/kuchniokracja.hanami.pl\/index.php\/kulinarna-podroz-po-krainie-fiordow-i-premiera-ksiazki-tradycje-kulinarne-norwegii\/","title":{"rendered":"Kulinarna podr\u00f3\u017c po krainie fiord\u00f3w i premiera ksi\u0105\u017cki &#8222;Tradycje kulinarne Norwegii&#8221;"},"content":{"rendered":"<p>\u00a0<\/p>\n<p><strong>27 pa\u017adziernika 2022<\/strong> roku b\u0119dzie mia\u0142a premier\u0119 moja kolejna ksi\u0105\u017cka z serii nordyckiej &#8211; <strong><em>Tradycje<\/em> <em>kulinarne Norwegii<\/em><\/strong>. Z tej okazji serdecznie zapraszam na premierowe spotkanie w Warszawie, podczas kt\u00f3rego opowiem o <strong>turystyce kulinarnej<\/strong> i produktach, kt\u00f3rych koniecznie trzeba spr\u00f3bowa\u0107 b\u0119d\u0105c w tym kraju (opis spotkania poni\u017cej).<\/p>\n<p><strong>Kulinarna podr\u00f3\u017c po krainie fiord\u00f3w<\/strong><\/p>\n<p>Prawie ka\u017cdy, kto interesuje si\u0119 kuchni\u0105 zapewne s\u0142ysza\u0142 o nurcie New Nordic Cuisnie. Kojarzy si\u0119 on z gwiazdkowymi restauracjami, ale to zaledwie czubek g\u00f3ry lodowej. Nordycka kultura kulinarna ma znacznie wi\u0119cej do zaoferowania. Czy zatem Norwegia to dobry kierunek dla poszukiwaczy niezwyk\u0142ych smak\u00f3w? Czego koniecznie nale\u017cy spr\u00f3bowa\u0107 b\u0119d\u0105c w krainie fiord\u00f3w? O tym opowie Magdalena Tomaszewska-Bola\u0142ek, autorka ksi\u0105\u017cki <em><strong>Tradycje kulinarne Norwegii<\/strong><\/em>.<\/p>\n<p>Spotkanie odb\u0119dzie si\u0119 w przestrzennych i urz\u0105dzonych w skandynawskim stylu wn\u0119trzach <strong>Volvo Car Warszawa<\/strong>, ul. Marsza\u0142kowska 89. Link do wydarzenia na Facebooku: <strong><a href=\"https:\/\/www.facebook.com\/events\/815051503029096\">https:\/\/www.facebook.com\/events\/815051503029096<\/a><\/strong><\/p>\n<p><strong>WST\u0118P WOLNY!<\/strong><\/p>\n<p><strong>Partnerami wydarzenia s\u0105:<\/strong> Ambasada Kr\u00f3lestwa Norwegii w Warszawie, Volvo Car Warszawa, Arctic Paper, Fundacja Bunkatura, Instytucja Kultury Samorz\u0105du Wojew\u00f3dztwa Pomorskiego i Nadba\u0142tyckie Centrum Kultury w Gda\u0144sku.<\/p>\n\n<div class=\"wp-block-image\">\n<figure class=\"aligncenter size-full\"><a href=\"https:\/\/kuchniokracja.hanami.pl\/wp-content\/uploads\/2022\/10\/Tradycje_kulinarne_Norwegii_blog.jpg\"><img loading=\"lazy\" decoding=\"async\" width=\"600\" height=\"600\" src=\"https:\/\/kuchniokracja.hanami.pl\/wp-content\/uploads\/2022\/10\/Tradycje_kulinarne_Norwegii_blog.jpg\" alt=\"\" class=\"wp-image-9524\" srcset=\"https:\/\/kuchniokracja.hanami.pl\/wp-content\/uploads\/2022\/10\/Tradycje_kulinarne_Norwegii_blog.jpg 600w, https:\/\/kuchniokracja.hanami.pl\/wp-content\/uploads\/2022\/10\/Tradycje_kulinarne_Norwegii_blog-595x595.jpg 595w, https:\/\/kuchniokracja.hanami.pl\/wp-content\/uploads\/2022\/10\/Tradycje_kulinarne_Norwegii_blog-1x1.jpg 1w, https:\/\/kuchniokracja.hanami.pl\/wp-content\/uploads\/2022\/10\/Tradycje_kulinarne_Norwegii_blog-150x150.jpg 150w\" sizes=\"auto, (max-width: 600px) 100vw, 600px\" \/><\/a><\/figure><\/div>\n\n<div class=\"wp-block-image\">\n<figure class=\"aligncenter size-full\"><a href=\"https:\/\/kuchniokracja.hanami.pl\/wp-content\/uploads\/2022\/10\/zaproszenie_premiera_tkn_zaproszenie.jpg\"><img loading=\"lazy\" decoding=\"async\" width=\"600\" height=\"338\" src=\"https:\/\/kuchniokracja.hanami.pl\/wp-content\/uploads\/2022\/10\/zaproszenie_premiera_tkn_zaproszenie.jpg\" alt=\"\" class=\"wp-image-9525\" srcset=\"https:\/\/kuchniokracja.hanami.pl\/wp-content\/uploads\/2022\/10\/zaproszenie_premiera_tkn_zaproszenie.jpg 600w, https:\/\/kuchniokracja.hanami.pl\/wp-content\/uploads\/2022\/10\/zaproszenie_premiera_tkn_zaproszenie-595x335.jpg 595w, https:\/\/kuchniokracja.hanami.pl\/wp-content\/uploads\/2022\/10\/zaproszenie_premiera_tkn_zaproszenie-2x1.jpg 2w\" sizes=\"auto, (max-width: 600px) 100vw, 600px\" \/><\/a><\/figure><\/div>","protected":false},"excerpt":{"rendered":"<p>\u00a0 27 pa\u017adziernika 2022 roku b\u0119dzie mia\u0142a premier\u0119 moja kolejna ksi\u0105\u017cka z serii nordyckiej &#8211; Tradycje kulinarne Norwegii. Z tej okazji serdecznie zapraszam na premierowe spotkanie w Warszawie, podczas kt\u00f3rego opowiem o turystyce kulinarnej i produktach, kt\u00f3rych koniecznie trzeba spr\u00f3bowa\u0107 b\u0119d\u0105c w tym kraju (opis spotkania poni\u017cej). Kulinarna podr\u00f3\u017c po krainie fiord\u00f3w Prawie ka\u017cdy, kto&#8230;<\/p>\n","protected":false},"author":2,"featured_media":0,"comment_status":"closed","ping_status":"closed","sticky":false,"template":"","format":"standard","meta":{"footnotes":""},"categories":[59,2187,3],"tags":[685,279,2188,2556,498,8,2557,2558,941,2559,1495,946],"class_list":["post-9523","post","type-post","status-publish","format-standard","hentry","category-ksiazki","category-kuchnia-nordycka","category-kultura-zywieniowa","tag-ksiazka","tag-kuchnia","tag-kuchnia-nordycka","tag-kuchnia-norweska","tag-kultura-kulinarna","tag-kultura-zywieniowa-2","tag-norwegia","tag-skandynawia","tag-spotkanie","tag-tradycje-kulinarne-norwegii","tag-turystyka-kulinarna","tag-warszawa"],"_links":{"self":[{"href":"https:\/\/kuchniokracja.hanami.pl\/index.php\/wp-json\/wp\/v2\/posts\/9523","targetHints":{"allow":["GET"]}}],"collection":[{"href":"https:\/\/kuchniokracja.hanami.pl\/index.php\/wp-json\/wp\/v2\/posts"}],"about":[{"href":"https:\/\/kuchniokracja.hanami.pl\/index.php\/wp-json\/wp\/v2\/types\/post"}],"author":[{"embeddable":true,"href":"https:\/\/kuchniokracja.hanami.pl\/index.php\/wp-json\/wp\/v2\/users\/2"}],"replies":[{"embeddable":true,"href":"https:\/\/kuchniokracja.hanami.pl\/index.php\/wp-json\/wp\/v2\/comments?post=9523"}],"version-history":[{"count":6,"href":"https:\/\/kuchniokracja.hanami.pl\/index.php\/wp-json\/wp\/v2\/posts\/9523\/revisions"}],"predecessor-version":[{"id":9531,"href":"https:\/\/kuchniokracja.hanami.pl\/index.php\/wp-json\/wp\/v2\/posts\/9523\/revisions\/9531"}],"wp:attachment":[{"href":"https:\/\/kuchniokracja.hanami.pl\/index.php\/wp-json\/wp\/v2\/media?parent=9523"}],"wp:term":[{"taxonomy":"category","embeddable":true,"href":"https:\/\/kuchniokracja.hanami.pl\/index.php\/wp-json\/wp\/v2\/categories?post=9523"},{"taxonomy":"post_tag","embeddable":true,"href":"https:\/\/kuchniokracja.hanami.pl\/index.php\/wp-json\/wp\/v2\/tags?post=9523"}],"curies":[{"name":"wp","href":"https:\/\/api.w.org\/{rel}","templated":true}]}}