{"id":9562,"date":"2023-01-03T17:08:45","date_gmt":"2023-01-03T16:08:45","guid":{"rendered":"https:\/\/kuchniokracja.hanami.pl\/?p=9562"},"modified":"2023-01-03T17:08:45","modified_gmt":"2023-01-03T16:08:45","slug":"deser-wspomnienie-lata","status":"publish","type":"post","link":"https:\/\/kuchniokracja.hanami.pl\/index.php\/deser-wspomnienie-lata\/","title":{"rendered":"Deser &#8211; wspomnienie lata"},"content":{"rendered":"\n<p>Nowy Rok powita\u0142 nas ma\u0142o zimowymi temperaturami, a ja postanowi\u0142am przygotowa\u0107 deser, kt\u00f3ry przywodzi wspomnienia ciep\u0142ych dni.<\/p>\n\n\n\n<p><strong><em>Deser &#8211; wspomnienie lata<\/em> &#8211; przepis:<\/strong><\/p>\n\n\n\n<p> <strong>500 g <em>mascarpone<\/em><\/strong><br><strong> 400 ml \u015bmietany krem\u00f3wki 30%<br> cukier (wedle uznania)<br> 1 s\u0142oik konfitury (ja u\u017cy\u0142am tej z bor\u00f3wki ameryka\u0144skiej)<br> biszkopty<\/strong><\/p>\n\n\n\n<p>Na dnie naczynia o wymiarach oko\u0142o 22 cm x 36 cm uk\u0142adamy warstw\u0119 biszkopt\u00f3w. Nast\u0119pnie pokrywamy je warstw\u0105 konfitury. \u015amietan\u0119 ubijamy z cukrem. Nast\u0119pnie dodajemy <em>mascarpone<\/em> i dok\u0142adnie mieszamy do uzyskania g\u0142adkiego kremu. Krem nak\u0142adamy na warstw\u0119 biszkopt\u00f3w z kremem. Wierzch deseru pokrywamy konfitur\u0105. Deser przechowujemy w lod\u00f3wce. Najlepiej smakuje po kilku godzinach, kiedy biszkopty nieco zmi\u0119kn\u0105.<\/p>\n\n\n<div class=\"wp-block-image\">\n<figure class=\"aligncenter size-full\"><a href=\"https:\/\/kuchniokracja.hanami.pl\/wp-content\/uploads\/2023\/01\/deser_wspomnienie_lata-1.jpg\"><img loading=\"lazy\" decoding=\"async\" width=\"500\" height=\"750\" src=\"https:\/\/kuchniokracja.hanami.pl\/wp-content\/uploads\/2023\/01\/deser_wspomnienie_lata-1.jpg\" alt=\"Deser wspomnienie lata\" class=\"wp-image-9559\" srcset=\"https:\/\/kuchniokracja.hanami.pl\/wp-content\/uploads\/2023\/01\/deser_wspomnienie_lata-1.jpg 500w, https:\/\/kuchniokracja.hanami.pl\/wp-content\/uploads\/2023\/01\/deser_wspomnienie_lata-1-1x1.jpg 1w\" sizes=\"auto, (max-width: 500px) 100vw, 500px\" \/><\/a><\/figure><\/div>","protected":false},"excerpt":{"rendered":"<p>Nowy Rok powita\u0142 nas ma\u0142o zimowymi temperaturami, a ja postanowi\u0142am przygotowa\u0107 deser, kt\u00f3ry przywodzi wspomnienia ciep\u0142ych dni. Deser &#8211; wspomnienie lata &#8211; przepis: 500 g mascarpone 400 ml \u015bmietany krem\u00f3wki 30% cukier (wedle uznania) 1 s\u0142oik konfitury (ja u\u017cy\u0142am tej z bor\u00f3wki ameryka\u0144skiej) biszkopty Na dnie naczynia o wymiarach oko\u0142o 22 cm x 36 cm&#8230;<\/p>\n","protected":false},"author":2,"featured_media":0,"comment_status":"closed","ping_status":"closed","sticky":false,"template":"","format":"standard","meta":{"footnotes":""},"categories":[4],"tags":[217,68,1074,964,75,392,12,5],"class_list":["post-9562","post","type-post","status-publish","format-standard","hentry","category-slodycze","tag-biszkopty","tag-deser","tag-konfitura","tag-kremowka","tag-mascarpone","tag-przepis","tag-przepisy-2","tag-slodycze-2"],"_links":{"self":[{"href":"https:\/\/kuchniokracja.hanami.pl\/index.php\/wp-json\/wp\/v2\/posts\/9562","targetHints":{"allow":["GET"]}}],"collection":[{"href":"https:\/\/kuchniokracja.hanami.pl\/index.php\/wp-json\/wp\/v2\/posts"}],"about":[{"href":"https:\/\/kuchniokracja.hanami.pl\/index.php\/wp-json\/wp\/v2\/types\/post"}],"author":[{"embeddable":true,"href":"https:\/\/kuchniokracja.hanami.pl\/index.php\/wp-json\/wp\/v2\/users\/2"}],"replies":[{"embeddable":true,"href":"https:\/\/kuchniokracja.hanami.pl\/index.php\/wp-json\/wp\/v2\/comments?post=9562"}],"version-history":[{"count":2,"href":"https:\/\/kuchniokracja.hanami.pl\/index.php\/wp-json\/wp\/v2\/posts\/9562\/revisions"}],"predecessor-version":[{"id":9566,"href":"https:\/\/kuchniokracja.hanami.pl\/index.php\/wp-json\/wp\/v2\/posts\/9562\/revisions\/9566"}],"wp:attachment":[{"href":"https:\/\/kuchniokracja.hanami.pl\/index.php\/wp-json\/wp\/v2\/media?parent=9562"}],"wp:term":[{"taxonomy":"category","embeddable":true,"href":"https:\/\/kuchniokracja.hanami.pl\/index.php\/wp-json\/wp\/v2\/categories?post=9562"},{"taxonomy":"post_tag","embeddable":true,"href":"https:\/\/kuchniokracja.hanami.pl\/index.php\/wp-json\/wp\/v2\/tags?post=9562"}],"curies":[{"name":"wp","href":"https:\/\/api.w.org\/{rel}","templated":true}]}}