{"id":9791,"date":"2024-08-06T17:13:03","date_gmt":"2024-08-06T15:13:03","guid":{"rendered":"https:\/\/kuchniokracja.hanami.pl\/?p=9791"},"modified":"2024-08-06T17:13:03","modified_gmt":"2024-08-06T15:13:03","slug":"podcast-o-regionalnych-kuchniach-polski","status":"publish","type":"post","link":"https:\/\/kuchniokracja.hanami.pl\/index.php\/podcast-o-regionalnych-kuchniach-polski\/","title":{"rendered":"Podcast o regionalnych kuchniach Polski"},"content":{"rendered":"<p>Dost\u0119pne jest ju\u017c 13 odcink\u00f3w <strong>podcastu<\/strong> po\u015bwi\u0119conego kuchniom regionalnym Polski. Mo\u017cna pos\u0142ucha\u0107 o kuchni: lasowiackiej, ochwe\u015bnickiej, gda\u0144ksiej, \u0142emkowskiej, pa\u0142uckiej, podlaskiej, \u015bl\u0105skiej, lubelskiej, kociewskiej, G\u00f3rali Podtatrza\u0144skich czy Bojk\u00f3w. Podcast jest cz\u0119\u015bci\u0105 projektu <a href=\"https:\/\/bunkatura.pl\/tradycje-kulinarne-polski\/\"><em><strong>Tradycje kulinarne Polski<\/strong><\/em><\/a> i odcinki o smakach r\u00f3\u017cnych region\u00f3w b\u0119d\u0105 ukazywa\u0142y si\u0119 do stycznia 2025 roku.<\/p>\n<p>Podcastu mo\u017cna s\u0142ucha\u0107 na Spotify oraz innych platformach. Wi\u0119cej informacji dost\u0119pne jest na: <a href=\"https:\/\/podcasters.spotify.com\/pod\/show\/kuchniokracja\"><strong>https:\/\/podcasters.spotify.com\/pod\/show\/kuchniokracja<\/strong><\/a><\/p>\n\n<div class=\"wp-block-image\">\n<figure class=\"aligncenter size-full\"><a href=\"https:\/\/kuchniokracja.hanami.pl\/wp-content\/uploads\/2024\/08\/podcasty1.jpg\"><img loading=\"lazy\" decoding=\"async\" width=\"700\" height=\"385\" src=\"https:\/\/kuchniokracja.hanami.pl\/wp-content\/uploads\/2024\/08\/podcasty1.jpg\" alt=\"\" class=\"wp-image-9792\" srcset=\"https:\/\/kuchniokracja.hanami.pl\/wp-content\/uploads\/2024\/08\/podcasty1.jpg 700w, https:\/\/kuchniokracja.hanami.pl\/wp-content\/uploads\/2024\/08\/podcasty1-595x327.jpg 595w, https:\/\/kuchniokracja.hanami.pl\/wp-content\/uploads\/2024\/08\/podcasty1-2x1.jpg 2w\" sizes=\"auto, (max-width: 700px) 100vw, 700px\" \/><\/a><\/figure><\/div>","protected":false},"excerpt":{"rendered":"<p>Dost\u0119pne jest ju\u017c 13 odcink\u00f3w podcastu po\u015bwi\u0119conego kuchniom regionalnym Polski. Mo\u017cna pos\u0142ucha\u0107 o kuchni: lasowiackiej, ochwe\u015bnickiej, gda\u0144ksiej, \u0142emkowskiej, pa\u0142uckiej, podlaskiej, \u015bl\u0105skiej, lubelskiej, kociewskiej, G\u00f3rali Podtatrza\u0144skich czy Bojk\u00f3w. Podcast jest cz\u0119\u015bci\u0105 projektu Tradycje kulinarne Polski i odcinki o smakach r\u00f3\u017cnych region\u00f3w b\u0119d\u0105 ukazywa\u0142y si\u0119 do stycznia 2025 roku. Podcastu mo\u017cna s\u0142ucha\u0107 na Spotify oraz innych platformach&#8230;.<\/p>\n","protected":false},"author":2,"featured_media":0,"comment_status":"closed","ping_status":"","sticky":false,"template":"","format":"standard","meta":{"footnotes":""},"categories":[59,406,3,282],"tags":[413,1019,498,2524,2634],"class_list":["post-9791","post","type-post","status-publish","format-standard","hentry","category-ksiazki","category-kuchnia-polska","category-kultura-zywieniowa","category-podroze-kulinarne","tag-kuchnia-polska-2","tag-kuchnia-regionalna","tag-kultura-kulinarna","tag-podcast","tag-tradycje-kulinarne-polski"],"_links":{"self":[{"href":"https:\/\/kuchniokracja.hanami.pl\/index.php\/wp-json\/wp\/v2\/posts\/9791","targetHints":{"allow":["GET"]}}],"collection":[{"href":"https:\/\/kuchniokracja.hanami.pl\/index.php\/wp-json\/wp\/v2\/posts"}],"about":[{"href":"https:\/\/kuchniokracja.hanami.pl\/index.php\/wp-json\/wp\/v2\/types\/post"}],"author":[{"embeddable":true,"href":"https:\/\/kuchniokracja.hanami.pl\/index.php\/wp-json\/wp\/v2\/users\/2"}],"replies":[{"embeddable":true,"href":"https:\/\/kuchniokracja.hanami.pl\/index.php\/wp-json\/wp\/v2\/comments?post=9791"}],"version-history":[{"count":1,"href":"https:\/\/kuchniokracja.hanami.pl\/index.php\/wp-json\/wp\/v2\/posts\/9791\/revisions"}],"predecessor-version":[{"id":9793,"href":"https:\/\/kuchniokracja.hanami.pl\/index.php\/wp-json\/wp\/v2\/posts\/9791\/revisions\/9793"}],"wp:attachment":[{"href":"https:\/\/kuchniokracja.hanami.pl\/index.php\/wp-json\/wp\/v2\/media?parent=9791"}],"wp:term":[{"taxonomy":"category","embeddable":true,"href":"https:\/\/kuchniokracja.hanami.pl\/index.php\/wp-json\/wp\/v2\/categories?post=9791"},{"taxonomy":"post_tag","embeddable":true,"href":"https:\/\/kuchniokracja.hanami.pl\/index.php\/wp-json\/wp\/v2\/tags?post=9791"}],"curies":[{"name":"wp","href":"https:\/\/api.w.org\/{rel}","templated":true}]}}